{"id":994,"date":"2013-06-13T12:27:18","date_gmt":"2013-06-13T11:27:18","guid":{"rendered":"http:\/\/www.udrugamrkz.hr\/?p=994"},"modified":"2013-06-26T12:30:26","modified_gmt":"2013-06-26T11:30:26","slug":"dan-otvorenih-vrata-udruga","status":"publish","type":"post","link":"https:\/\/www.udrugamrkz.hr\/?p=994","title":{"rendered":"Dan otvorenih vrata Udruga"},"content":{"rendered":"<p>Uklju\u010dili smo se u obilje\u017eavanje Dana otvorenih vrata Udruga \u010dija je inicijativa potekla od Ureda za udruge Vlade RH. U prostorima Udruge smo organizirali kreativnu radionicu u kojoj smo izra\u0111ivali masla\u010dke od filca te ukra\u0161avali platnene torbe salvetnom tehnikom. Kreativnu radionicu je vodila u\u010diteljica Ivan\u010dica Podhra\u0161ki. Proslavili smo jedan ro\u0111endan, pekli kola\u010de te se dru\u017eili sa gostima i prijateljima. Posjetili sunas u\u010denici Srednje gospodarske \u0161kole, COOR-a Kri\u017eevci sa u\u010diteljima, dogradona\u010delnici, ravnateljica O\u0160 Grigor Vitez Sv. Ivan \u017dabno i volonteri.<\/p>\n<p><a class=\"shutterset_\" title=\"\" href=\"http:\/\/www.udrugamrkz.hr\/wp-content\/gallery\/slikice\/p6130049.jpg\"><img decoding=\"async\" class=\"ngg-singlepic ngg-none\" alt=\"OLYMPUS DIGITAL CAMERA\" src=\"http:\/\/www.udrugamrkz.hr\/wp-content\/gallery\/slikice\/thumbs\/thumbs_p6130049.jpg\" \/><\/a><a class=\"shutterset_\" title=\"\" href=\"http:\/\/www.udrugamrkz.hr\/wp-content\/gallery\/slikice\/p6130042.jpg\"><img decoding=\"async\" class=\"ngg-singlepic ngg-none\" alt=\"OLYMPUS DIGITAL CAMERA\" src=\"http:\/\/www.udrugamrkz.hr\/wp-content\/gallery\/slikice\/thumbs\/thumbs_p6130042.jpg\" \/><\/a><a class=\"shutterset_\" title=\"\" href=\"http:\/\/www.udrugamrkz.hr\/wp-content\/gallery\/slikice\/p6130013.jpg\"><img decoding=\"async\" class=\"ngg-singlepic ngg-none\" alt=\"OLYMPUS DIGITAL CAMERA\" src=\"http:\/\/www.udrugamrkz.hr\/wp-content\/gallery\/slikice\/thumbs\/thumbs_p6130013.jpg\" \/><\/a><\/p>\n","protected":false},"excerpt":{"rendered":"<p>Uklju\u010dili smo se u obilje\u017eavanje Dana otvorenih vrata Udruga \u010dija je inicijativa potekla od Ureda za udruge Vlade RH. U prostorima Udruge smo organizirali kreativnu radionicu u kojoj smo izra\u0111ivali masla\u010dke od filca te&#46;&#46;&#46;<\/p>\n","protected":false},"author":1,"featured_media":0,"comment_status":"closed","ping_status":"closed","sticky":false,"template":"","format":"standard","meta":{"ngg_post_thumbnail":0,"footnotes":""},"categories":[1],"tags":[],"_links":{"self":[{"href":"https:\/\/www.udrugamrkz.hr\/index.php?rest_route=\/wp\/v2\/posts\/994"}],"collection":[{"href":"https:\/\/www.udrugamrkz.hr\/index.php?rest_route=\/wp\/v2\/posts"}],"about":[{"href":"https:\/\/www.udrugamrkz.hr\/index.php?rest_route=\/wp\/v2\/types\/post"}],"author":[{"embeddable":true,"href":"https:\/\/www.udrugamrkz.hr\/index.php?rest_route=\/wp\/v2\/users\/1"}],"replies":[{"embeddable":true,"href":"https:\/\/www.udrugamrkz.hr\/index.php?rest_route=%2Fwp%2Fv2%2Fcomments&post=994"}],"version-history":[{"count":1,"href":"https:\/\/www.udrugamrkz.hr\/index.php?rest_route=\/wp\/v2\/posts\/994\/revisions"}],"predecessor-version":[{"id":995,"href":"https:\/\/www.udrugamrkz.hr\/index.php?rest_route=\/wp\/v2\/posts\/994\/revisions\/995"}],"wp:attachment":[{"href":"https:\/\/www.udrugamrkz.hr\/index.php?rest_route=%2Fwp%2Fv2%2Fmedia&parent=994"}],"wp:term":[{"taxonomy":"category","embeddable":true,"href":"https:\/\/www.udrugamrkz.hr\/index.php?rest_route=%2Fwp%2Fv2%2Fcategories&post=994"},{"taxonomy":"post_tag","embeddable":true,"href":"https:\/\/www.udrugamrkz.hr\/index.php?rest_route=%2Fwp%2Fv2%2Ftags&post=994"}],"curies":[{"name":"wp","href":"https:\/\/api.w.org\/{rel}","templated":true}]}}