{"id":9637,"date":"2026-04-24T11:13:31","date_gmt":"2026-04-24T10:13:31","guid":{"rendered":"https:\/\/www.udrugamrkz.hr\/?p=9637"},"modified":"2026-04-28T11:19:17","modified_gmt":"2026-04-28T10:19:17","slug":"sretan-ti-774-rodendan-grade-nas","status":"publish","type":"post","link":"https:\/\/www.udrugamrkz.hr\/?p=9637","title":{"rendered":"Sretan ti 774. ro\u0111endan grade na\u0161!"},"content":{"rendered":"\n<p>Danas, 24.04.2026. godine slavimo 774. ro\u0111endana Grada Kri\u017eevaca. Osim brojnih kulturnih i sportskih doga\u0111anja tijekom mjeseca travnja vezanih uz Dan grada, ve\u0107 se tradicionalno re\u017ee ro\u0111endanska torta. Tako smo se i mi pridru\u017eili ro\u0111endanskom slavlju na Strossmayerovom trgu te ku\u0161ali ukusnu tortu. <\/p>\n\n\n\n<figure class=\"wp-block-image size-full is-resized\"><img loading=\"lazy\" decoding=\"async\" width=\"719\" height=\"481\" src=\"https:\/\/www.udrugamrkz.hr\/wp-content\/uploads\/678905858_26444324601919594_7747314493790904287_n.jpg\" alt=\"\" class=\"wp-image-9638\" style=\"width:612px;height:auto\" srcset=\"https:\/\/www.udrugamrkz.hr\/wp-content\/uploads\/678905858_26444324601919594_7747314493790904287_n.jpg 719w, https:\/\/www.udrugamrkz.hr\/wp-content\/uploads\/678905858_26444324601919594_7747314493790904287_n-300x201.jpg 300w\" sizes=\"(max-width: 719px) 100vw, 719px\" \/><\/figure>\n\n\n\n<figure class=\"wp-block-image size-large is-resized\"><img loading=\"lazy\" decoding=\"async\" width=\"1024\" height=\"899\" src=\"https:\/\/www.udrugamrkz.hr\/wp-content\/uploads\/675761412_26444325091919545_7898175341383701195_n-1024x899.jpg\" alt=\"\" class=\"wp-image-9639\" style=\"width:614px;height:auto\" srcset=\"https:\/\/www.udrugamrkz.hr\/wp-content\/uploads\/675761412_26444325091919545_7898175341383701195_n-1024x899.jpg 1024w, https:\/\/www.udrugamrkz.hr\/wp-content\/uploads\/675761412_26444325091919545_7898175341383701195_n-300x263.jpg 300w, https:\/\/www.udrugamrkz.hr\/wp-content\/uploads\/675761412_26444325091919545_7898175341383701195_n-768x674.jpg 768w, https:\/\/www.udrugamrkz.hr\/wp-content\/uploads\/675761412_26444325091919545_7898175341383701195_n-1536x1348.jpg 1536w, https:\/\/www.udrugamrkz.hr\/wp-content\/uploads\/675761412_26444325091919545_7898175341383701195_n.jpg 1955w\" sizes=\"(max-width: 1024px) 100vw, 1024px\" \/><\/figure>\n\n\n\n<figure class=\"wp-block-image size-large is-resized\"><img loading=\"lazy\" decoding=\"async\" width=\"1024\" height=\"576\" src=\"https:\/\/www.udrugamrkz.hr\/wp-content\/uploads\/679720973_26444326401919414_1804130725376528547_n-1024x576.jpg\" alt=\"\" class=\"wp-image-9640\" style=\"width:613px;height:auto\" srcset=\"https:\/\/www.udrugamrkz.hr\/wp-content\/uploads\/679720973_26444326401919414_1804130725376528547_n-1024x576.jpg 1024w, https:\/\/www.udrugamrkz.hr\/wp-content\/uploads\/679720973_26444326401919414_1804130725376528547_n-300x169.jpg 300w, https:\/\/www.udrugamrkz.hr\/wp-content\/uploads\/679720973_26444326401919414_1804130725376528547_n-768x432.jpg 768w, https:\/\/www.udrugamrkz.hr\/wp-content\/uploads\/679720973_26444326401919414_1804130725376528547_n-1536x864.jpg 1536w, https:\/\/www.udrugamrkz.hr\/wp-content\/uploads\/679720973_26444326401919414_1804130725376528547_n.jpg 2048w\" sizes=\"(max-width: 1024px) 100vw, 1024px\" \/><\/figure>\n\n\n\n<figure class=\"wp-block-image size-full is-resized\"><img loading=\"lazy\" decoding=\"async\" width=\"719\" height=\"480\" src=\"https:\/\/www.udrugamrkz.hr\/wp-content\/uploads\/678286393_26444327015252686_4753453448464870477_n.jpg\" alt=\"\" class=\"wp-image-9641\" style=\"width:612px;height:auto\" srcset=\"https:\/\/www.udrugamrkz.hr\/wp-content\/uploads\/678286393_26444327015252686_4753453448464870477_n.jpg 719w, https:\/\/www.udrugamrkz.hr\/wp-content\/uploads\/678286393_26444327015252686_4753453448464870477_n-300x200.jpg 300w\" sizes=\"(max-width: 719px) 100vw, 719px\" \/><\/figure>\n","protected":false},"excerpt":{"rendered":"<p>Danas, 24.04.2026. godine slavimo 774. ro\u0111endana Grada Kri\u017eevaca. Osim brojnih kulturnih i sportskih doga\u0111anja tijekom mjeseca travnja vezanih uz Dan grada, ve\u0107 se tradicionalno re\u017ee ro\u0111endanska torta. Tako smo se i mi pridru\u017eili ro\u0111endanskom&#46;&#46;&#46;<\/p>\n","protected":false},"author":1,"featured_media":9639,"comment_status":"closed","ping_status":"closed","sticky":false,"template":"","format":"standard","meta":{"ngg_post_thumbnail":0,"footnotes":""},"categories":[1],"tags":[],"_links":{"self":[{"href":"https:\/\/www.udrugamrkz.hr\/index.php?rest_route=\/wp\/v2\/posts\/9637"}],"collection":[{"href":"https:\/\/www.udrugamrkz.hr\/index.php?rest_route=\/wp\/v2\/posts"}],"about":[{"href":"https:\/\/www.udrugamrkz.hr\/index.php?rest_route=\/wp\/v2\/types\/post"}],"author":[{"embeddable":true,"href":"https:\/\/www.udrugamrkz.hr\/index.php?rest_route=\/wp\/v2\/users\/1"}],"replies":[{"embeddable":true,"href":"https:\/\/www.udrugamrkz.hr\/index.php?rest_route=%2Fwp%2Fv2%2Fcomments&post=9637"}],"version-history":[{"count":1,"href":"https:\/\/www.udrugamrkz.hr\/index.php?rest_route=\/wp\/v2\/posts\/9637\/revisions"}],"predecessor-version":[{"id":9642,"href":"https:\/\/www.udrugamrkz.hr\/index.php?rest_route=\/wp\/v2\/posts\/9637\/revisions\/9642"}],"wp:featuredmedia":[{"embeddable":true,"href":"https:\/\/www.udrugamrkz.hr\/index.php?rest_route=\/wp\/v2\/media\/9639"}],"wp:attachment":[{"href":"https:\/\/www.udrugamrkz.hr\/index.php?rest_route=%2Fwp%2Fv2%2Fmedia&parent=9637"}],"wp:term":[{"taxonomy":"category","embeddable":true,"href":"https:\/\/www.udrugamrkz.hr\/index.php?rest_route=%2Fwp%2Fv2%2Fcategories&post=9637"},{"taxonomy":"post_tag","embeddable":true,"href":"https:\/\/www.udrugamrkz.hr\/index.php?rest_route=%2Fwp%2Fv2%2Ftags&post=9637"}],"curies":[{"name":"wp","href":"https:\/\/api.w.org\/{rel}","templated":true}]}}