{"id":9274,"date":"2026-03-13T18:31:32","date_gmt":"2026-03-13T17:31:32","guid":{"rendered":"https:\/\/www.udrugamrkz.hr\/?p=9274"},"modified":"2026-03-13T18:52:44","modified_gmt":"2026-03-13T17:52:44","slug":"1055-krugova-za-veliko-srce-velika-najava","status":"publish","type":"post","link":"https:\/\/www.udrugamrkz.hr\/?p=9274","title":{"rendered":"105,5 KRUGOVA ZA VELIKO SRCE -VELIKA NAJAVA"},"content":{"rendered":"\n<p>Dragi prijatelji,<\/p>\n\n\n\n<p>s velikom rado\u0161\u0107u najavljujemo novu humanitarnu utrku 105,5 KRUGOVA ZA UDRUGU &#8220;MASLA\u010cAK&#8221; KRI\u017dEVCI.                                                                                                                                                                                Pro\u0161le godine pokazali smo da dobrota u Kri\u017eevcima nema granica. Ove godine idemo jo\u0161 ja\u010de.                                                     Na Nacionalni dan osoba s intelektualnim te\u0161ko\u0107ama,<\/p>\n\n\n\n<p><img loading=\"lazy\" decoding=\"async\" height=\"16\" width=\"16\" alt=\"&#x1f4c5;\" src=\"https:\/\/static.xx.fbcdn.net\/images\/emoji.php\/v9\/t7e\/1\/16\/1f4c5.png\"\/> 16. svibnja 2026. u 16:00<\/p>\n\n\n\n<p><img loading=\"lazy\" decoding=\"async\" height=\"16\" width=\"16\" alt=\"&#x1f4cd;\" src=\"https:\/\/static.xx.fbcdn.net\/images\/emoji.php\/v9\/t2d\/1\/16\/1f4cd.png\"\/> Gradski stadion Kri\u017eevci<\/p>\n\n\n\n<p>odr\u017eat \u0107e se humanitarna utrka 105,5 krugova za Udrugu \u201eMasla\u010dak\u201c Kri\u017eevci.<\/p>\n\n\n\n<p>Ukupno 105,5 krugova po 400 m = 42,2 km, duljina pravog maratona.<\/p>\n\n\n\n<p>Ali ova utrka nije samo za maratonce.<\/p>\n\n\n\n<p><img loading=\"lazy\" decoding=\"async\" height=\"16\" width=\"16\" alt=\"&#x27a1;&#xfe0f;\" src=\"https:\/\/static.xx.fbcdn.net\/images\/emoji.php\/v9\/t9e\/1\/16\/27a1.png\"\/> Mo\u017ee\u0161 tr\u010dati<\/p>\n\n\n\n<p><img loading=\"lazy\" decoding=\"async\" height=\"16\" width=\"16\" alt=\"&#x27a1;&#xfe0f;\" src=\"https:\/\/static.xx.fbcdn.net\/images\/emoji.php\/v9\/t9e\/1\/16\/27a1.png\"\/> Mo\u017ee\u0161 hodati<\/p>\n\n\n\n<p><img loading=\"lazy\" decoding=\"async\" height=\"16\" width=\"16\" alt=\"&#x27a1;&#xfe0f;\" src=\"https:\/\/static.xx.fbcdn.net\/images\/emoji.php\/v9\/t9e\/1\/16\/27a1.png\"\/> Mo\u017ee\u0161 napraviti samo jedan krug<\/p>\n\n\n\n<p><img loading=\"lazy\" decoding=\"async\" height=\"16\" width=\"16\" alt=\"&#x27a1;&#xfe0f;\" src=\"https:\/\/static.xx.fbcdn.net\/images\/emoji.php\/v9\/t9e\/1\/16\/27a1.png\"\/> Mo\u017ee\u0161 do\u0107i bodriti i biti dio ove pri\u010de<\/p>\n\n\n\n<p>Jer svaki korak zna\u010di podr\u0161ku osobama s intelektualnim te\u0161ko\u0107ama i radu Udruge Masla\u010dak. <img loading=\"lazy\" decoding=\"async\" height=\"16\" width=\"16\" alt=\"&#x1f49b;\" src=\"https:\/\/static.xx.fbcdn.net\/images\/emoji.php\/v9\/t15\/1\/16\/1f49b.png\"\/><\/p>\n\n\n\n<p><img loading=\"lazy\" decoding=\"async\" height=\"16\" width=\"16\" alt=\"&#x23f1;\" src=\"https:\/\/static.xx.fbcdn.net\/images\/emoji.php\/v9\/tb5\/1\/16\/23f1.png\"\/> Vremenski limit: 5 sati<\/p>\n\n\n\n<p><img loading=\"lazy\" decoding=\"async\" height=\"16\" width=\"16\" alt=\"&#x1f6b6;&#x200d;&#x2642;&#xfe0f;\" src=\"https:\/\/static.xx.fbcdn.net\/images\/emoji.php\/v9\/t92\/1\/16\/1f6b6_200d_2642.png\"\/> Priklju\u010di se kad god \u017eeli\u0161<\/p>\n\n\n\n<p><img loading=\"lazy\" decoding=\"async\" height=\"16\" width=\"16\" alt=\"&#x1f49b;\" src=\"https:\/\/static.xx.fbcdn.net\/images\/emoji.php\/v9\/t15\/1\/16\/1f49b.png\"\/> Kotizacija: 15 \u20ac (uz prijavu) <a href=\"https:\/\/l.facebook.com\/l.php?u=https%3A%2F%2Fwww.utrka.com%2Futrke%2Fmaslacak%2F2026%2Finfo%2F%3Ffbclid%3DIwZXh0bgNhZW0CMTAAYnJpZBEwUmlvRVpEZFB0ZkhlOExKUXNydGMGYXBwX2lkEDIyMjAzOTE3ODgyMDA4OTIAAR5UzgOa7ZW07yysQrSXDIh3Mvy8nTvs5loCG9-tQQ22fgZO-_0qYbCwcz0v8w_aem_hvF8maf2YWPNdZYTIUl-iQ&amp;h=AT6TSklA6hBN5HmtHXJgAGOCktAhNZqygbB8LJu2rmmf454UY-egT-0DEnY6EQtYJZmsqUbtI-DoFOeEUcJSLWdO0tNiaX9FeihO4ohp1vX7fOBaJZy-uvt0PGEHPGSpRMm0P2wLDuc9fkOU&amp;__tn__=-UK-R&amp;c[0]=AT5V_t58b4OxZe1-BZmQKVlS5DywvlDDkzbVU9kBAfBKzaifoZczWQedMK4vFxq0Us4-bj2Yk45jUPRFLQIMO8uS7i9wLJ7aEUPLwB4xUrd4Z6Zkd6KvNQHhQekYyRr0u8uIHyrg0UUSVvm4DkdRt6xyF-zyEIx0y7uIqcyMecJzsNrd9XkJ\" rel=\"noreferrer noopener\" target=\"_blank\">https:\/\/www.utrka.com\/utrke\/maslacak\/2026\/info\/<\/a><\/p>\n\n\n\n<p><img loading=\"lazy\" decoding=\"async\" height=\"16\" width=\"16\" alt=\"&#x1f49b;\" src=\"https:\/\/static.xx.fbcdn.net\/images\/emoji.php\/v9\/t15\/1\/16\/1f49b.png\"\/> Na licu mjesta prikupljat \u0107e se i dobrovoljne donacije.<\/p>\n\n\n\n<p>Pozovi prijatelje. Povedi obitelj. Podijeli objavu.<\/p>\n\n\n\n<p>Napravimo zajedno 105,5 krugova dobrote. <img loading=\"lazy\" decoding=\"async\" height=\"16\" width=\"16\" alt=\"&#x1f33c;\" src=\"https:\/\/static.xx.fbcdn.net\/images\/emoji.php\/v9\/t9b\/1\/16\/1f33c.png\"\/><\/p>\n\n\n\n<p>Vidimo se na stazi! <img loading=\"lazy\" decoding=\"async\" height=\"16\" width=\"16\" alt=\"&#x1f3c3;&#x200d;&#x2640;&#xfe0f;\" src=\"https:\/\/static.xx.fbcdn.net\/images\/emoji.php\/v9\/ta9\/1\/16\/1f3c3_200d_2640.png\"\/><img loading=\"lazy\" decoding=\"async\" height=\"16\" width=\"16\" alt=\"&#x1f49b;\" src=\"https:\/\/static.xx.fbcdn.net\/images\/emoji.php\/v9\/t15\/1\/16\/1f49b.png\"\/><\/p>\n\n\n\n<figure class=\"wp-block-image size-full\"><img loading=\"lazy\" decoding=\"async\" width=\"526\" height=\"789\" src=\"https:\/\/www.udrugamrkz.hr\/wp-content\/uploads\/650277399_26500026296267846_304623059073102988_n.jpg\" alt=\"\" class=\"wp-image-9275\" srcset=\"https:\/\/www.udrugamrkz.hr\/wp-content\/uploads\/650277399_26500026296267846_304623059073102988_n.jpg 526w, https:\/\/www.udrugamrkz.hr\/wp-content\/uploads\/650277399_26500026296267846_304623059073102988_n-200x300.jpg 200w\" sizes=\"(max-width: 526px) 100vw, 526px\" \/><\/figure>\n","protected":false},"excerpt":{"rendered":"<p>Dragi prijatelji, s velikom rado\u0161\u0107u najavljujemo novu humanitarnu utrku 105,5 KRUGOVA ZA UDRUGU &#8220;MASLA\u010cAK&#8221; KRI\u017dEVCI. Pro\u0161le godine pokazali smo da dobrota u Kri\u017eevcima nema granica. Ove godine idemo jo\u0161 ja\u010de. Na Nacionalni dan osoba&#46;&#46;&#46;<\/p>\n","protected":false},"author":1,"featured_media":9275,"comment_status":"closed","ping_status":"closed","sticky":false,"template":"","format":"standard","meta":{"ngg_post_thumbnail":0,"footnotes":""},"categories":[1],"tags":[],"_links":{"self":[{"href":"https:\/\/www.udrugamrkz.hr\/index.php?rest_route=\/wp\/v2\/posts\/9274"}],"collection":[{"href":"https:\/\/www.udrugamrkz.hr\/index.php?rest_route=\/wp\/v2\/posts"}],"about":[{"href":"https:\/\/www.udrugamrkz.hr\/index.php?rest_route=\/wp\/v2\/types\/post"}],"author":[{"embeddable":true,"href":"https:\/\/www.udrugamrkz.hr\/index.php?rest_route=\/wp\/v2\/users\/1"}],"replies":[{"embeddable":true,"href":"https:\/\/www.udrugamrkz.hr\/index.php?rest_route=%2Fwp%2Fv2%2Fcomments&post=9274"}],"version-history":[{"count":3,"href":"https:\/\/www.udrugamrkz.hr\/index.php?rest_route=\/wp\/v2\/posts\/9274\/revisions"}],"predecessor-version":[{"id":9279,"href":"https:\/\/www.udrugamrkz.hr\/index.php?rest_route=\/wp\/v2\/posts\/9274\/revisions\/9279"}],"wp:featuredmedia":[{"embeddable":true,"href":"https:\/\/www.udrugamrkz.hr\/index.php?rest_route=\/wp\/v2\/media\/9275"}],"wp:attachment":[{"href":"https:\/\/www.udrugamrkz.hr\/index.php?rest_route=%2Fwp%2Fv2%2Fmedia&parent=9274"}],"wp:term":[{"taxonomy":"category","embeddable":true,"href":"https:\/\/www.udrugamrkz.hr\/index.php?rest_route=%2Fwp%2Fv2%2Fcategories&post=9274"},{"taxonomy":"post_tag","embeddable":true,"href":"https:\/\/www.udrugamrkz.hr\/index.php?rest_route=%2Fwp%2Fv2%2Ftags&post=9274"}],"curies":[{"name":"wp","href":"https:\/\/api.w.org\/{rel}","templated":true}]}}