{"id":9266,"date":"2026-03-13T07:46:56","date_gmt":"2026-03-13T06:46:56","guid":{"rendered":"https:\/\/www.udrugamrkz.hr\/?p=9266"},"modified":"2026-03-13T08:12:15","modified_gmt":"2026-03-13T07:12:15","slug":"natjecaj-za-zaposljavanje-izvoditelj-ica-projektnih-aktivnosti-na-eu-projektu","status":"publish","type":"post","link":"https:\/\/www.udrugamrkz.hr\/?p=9266","title":{"rendered":"Natje\u010daj za zapo\u0161ljavanje"},"content":{"rendered":"\n<p>NOVO ZAPO\u0160LJAVANJE<\/p>\n\n\n\n<p>Ako si barem jednom u \u017eivotu pomislio\/la kako bi mogao\/la pobolj\u0161ati \u017eivot osoba s invaliditetom, mo\u017eda ovaj posao \u010deka ba\u0161 tebe. Sve detalje pro\u010ditaj na linku ispod i po\u0161alji zamolbu, a mi \u0107emo ti se povratno javiti i pozvati te da upozna\u0161 na\u0161e Masla\u010dke. <\/p>\n\n\n\n<h3 class=\"wp-block-heading\">IZVODITELJ\/IZVODITELJICA PROJEKTNIH AKTIVNOSTI<\/h3>\n\n\n\n<h4 class=\"wp-block-heading\">Radno mjesto<\/h4>\n\n\n\n<p>Mjesto rada:&nbsp;KRI\u017dEVCI, KOPRIVNI\u010cKO-KRI\u017dEVA\u010cKA \u017dUPANIJA<\/p>\n\n\n\n<p>Broj tra\u017eenih radnika:&nbsp;1<\/p>\n\n\n\n<p>Vrsta zaposlenja:&nbsp;Na odre\u0111eno; novootvoreni poslovi<\/p>\n\n\n\n<p>Radno vrijeme:&nbsp;Puno radno vrijeme<\/p>\n\n\n\n<p>Smje\u0161taj:&nbsp;Nema smje\u0161taja<\/p>\n\n\n\n<p>Naknada za prijevoz:&nbsp;U cijelosti<\/p>\n\n\n\n<p>Natje\u010daj vrijedi od:&nbsp;10.3.2026.<\/p>\n\n\n\n<p>Natje\u010daj vrijedi do:&nbsp;17.3.2026.<\/p>\n\n\n\n<h4 class=\"wp-block-heading\">Posloprimac<\/h4>\n\n\n\n<p>Potrebna zvanja:<\/p>\n\n\n\n<ul id=\"ctl00_MainContent_bulPotrebnaZvanja\">\n<li>logopedija<\/li>\n\n\n\n<li>pedagogija<\/li>\n\n\n\n<li>psihologija<\/li>\n\n\n\n<li>socijalni rad<\/li>\n\n\n\n<li>kineziterapija<\/li>\n\n\n\n<li>u\u010ditelj<\/li>\n\n\n\n<li>Fizioterapija<\/li>\n\n\n\n<li>Radna terapija<\/li>\n\n\n\n<li>Edukacijska rehabilitacija<\/li>\n\n\n\n<li>Fonetika (dvopredmetni); smjer: Edukacija govorni\u0161tva<\/li>\n<\/ul>\n\n\n\n<p>Razina obrazovanja:<\/p>\n\n\n\n<ul id=\"ctl00_MainContent_bulRazinaObrazovanja\">\n<li>Vi\u0161a ili prvostupanjska<\/li>\n\n\n\n<li>Fakultet, akademija, magisterij, doktorat<\/li>\n<\/ul>\n\n\n\n<p>Informati\u010dka znanja:<\/p>\n\n\n\n<p>Potrebno poznavanje osnova informatike<\/p>\n\n\n\n<ul id=\"ctl00_MainContent_bulInformatickaZnanja\">\n<li>excel<\/li>\n\n\n\n<li>word<\/li>\n\n\n\n<li>powerpoint<\/li>\n<\/ul>\n\n\n\n<p>Voza\u010dki ispit:&nbsp;Kategorija B<\/p>\n\n\n\n<p>Radno iskustvo:&nbsp;Nije va\u017eno<\/p>\n\n\n\n<p>Ostale informacije:&nbsp;Opis poslova:<\/p>\n\n\n\n<p>-koordinacija i planiranje aktivnosti projekta<\/p>\n\n\n\n<p>-izrada i podno\u0161enje izvje\u0161\u0107a o provedenim aktivnostima&nbsp; voditelju i koordinatoru projekta<\/p>\n\n\n\n<p>-prikupljanje i pripremanje dokazne dokumentacije o izvr\u0161enim aktivnostima i pripadnicima ciljne skupine<\/p>\n\n\n\n<p>-komunikacija s korisnicima&nbsp;<\/p>\n\n\n\n<p>-pra\u0107enje zadovoljstva izvr\u0161enim uslugama<\/p>\n\n\n\n<p>-izvedba sportskih radionica-individualne i grupne vje\u017ebe, poticanje bavljanja sportskim aktivnostima, podizanje kvalitete sudionika<\/p>\n\n\n\n<p>-kreativne radionice za osobe s invaliditetom-razvijanje kreativnosti, samopouzdanja i pozitivne slike o sebi<\/p>\n\n\n\n<p>-izvo\u0111enje psihosocijalne podr\u0161ke roditeljima i udomiteljima<\/p>\n\n\n\n<p>-kroz kreativne radionice osna\u017eivati obitelji osoba s invaliditetom<\/p>\n\n\n\n<p>-osna\u017eivanje osoba s invaliditetom i njihovih obitelji (razvoj samopouzdanja, socijalnih i komunikacijskih vje\u0161tina, su\u010davanje sa stresom)<\/p>\n\n\n\n<p>-poticanje razvoja samosvijesti, snala\u017eljivosti i komunikacijskih vje\u0161tina kod osoba s invaliditetom i njihovih obitelji<\/p>\n\n\n\n<p>Kandidat\/kinja mora biti osoba sa&nbsp;zavr\u0161enim:<\/p>\n\n\n\n<p>-specijalisti\u010dkim diplomskim studijem ili preddiplomskim i diplomskim sveu\u010dili\u0161nim studijem&nbsp;ili preddiplomskim sveu\u010dili\u0161nim studijm i diplomskim sveu\u010dili\u0161nim studijem ili integriranim prediplomskim i diplomskim sveu\u010dili\u0161nim studijem po\u017eeljno s kvalifikacijama socijalnog radnika, psihologa, socijalnog pedagoga, edukacijskog rehabilitatora, logopeda, kineziterapeuta, rehabilitator slu\u0161anja i govora<\/p>\n\n\n\n<p>-zavr\u0161enim studijem fizioterapije<\/p>\n\n\n\n<p>-zavr\u0161enim studijem radne terapije<\/p>\n\n\n\n<p>-stru\u010dni radnik-stru\u010dni radnik sa zavr\u0161enim specijalisti\u010dkim diplomskim stru\u010dnim studijem ili preddiplomskim i diplomskim stru\u010dnim ili preddiplomskim i diplomskim sveu\u010dili\u0161nim studijem ili integriranim preddiplomskim i diplomskim sveu\u010dili\u0161nim studijem<\/p>\n\n\n\n<p>-sportski instruktor \u2013 stru\u010dni radnik sa zavr\u0161enim preddiplomskim stru\u010dnim studijem za izobrazbu trenera<\/p>\n\n\n\n<p>-obiteljski suradnik \u2013 radnik sa zavr\u0161enim srednjo\u0161kolskim obrazovanjem i izobrazbom za rad obiteljskog suradnika<\/p>\n\n\n\n<p>Prijavu na natje\u010daj potrebno je dostaviti na e-mail:&nbsp;<a href=\"mailto:udrugamaslacak@gmail.com\">udrugamaslacak@gmail.com<\/a><\/p>\n\n\n\n<p>Uz prijavu je potrebno prilo\u017eiti \u017eivotopis, presliku osobne iskaznice, presliku diplome i uvjerenje o neka\u017enjavanju ne starije od 3 mjeseca.<\/p>\n\n\n\n<p>Radni odnos se zasniva na 34&nbsp;mjeseci uz probni rok od 30 dana.<\/p>\n\n\n\n<p>Dobre organizacijske i komunikacijske vje\u0161tine, empatije i razumijevanje osoba s invaliditetom i njihovih obitelji, strpljenje, fleksibilnost, efikasno planiranje i provo\u0111enje rada.<\/p>\n\n\n\n<h4 class=\"wp-block-heading\">Poslodavac<\/h4>\n\n\n\n<p>Poslodavac:&nbsp;Udruga osoba s intelektualnim te\u0161ko\u0107ama i njihovih obitelji &#8220;Masla\u010dak&#8221; Kri\u017eevci<\/p>\n\n\n\n<p>Kontakt:&nbsp;e-mailom:&nbsp;<a href=\"mailto:udrugamaslacak@gmail.com\">udrugamaslacak@gmail.com<\/a><\/p>\n\n\n\n<hr class=\"wp-block-separator has-alpha-channel-opacity\"\/>\n","protected":false},"excerpt":{"rendered":"<p>NOVO ZAPO\u0160LJAVANJE Ako si barem jednom u \u017eivotu pomislio\/la kako bi mogao\/la pobolj\u0161ati \u017eivot osoba s invaliditetom, mo\u017eda ovaj posao \u010deka ba\u0161 tebe. Sve detalje pro\u010ditaj na linku ispod i po\u0161alji zamolbu, a mi&#46;&#46;&#46;<\/p>\n","protected":false},"author":1,"featured_media":9232,"comment_status":"closed","ping_status":"closed","sticky":false,"template":"","format":"standard","meta":{"ngg_post_thumbnail":0,"footnotes":""},"categories":[1],"tags":[],"_links":{"self":[{"href":"https:\/\/www.udrugamrkz.hr\/index.php?rest_route=\/wp\/v2\/posts\/9266"}],"collection":[{"href":"https:\/\/www.udrugamrkz.hr\/index.php?rest_route=\/wp\/v2\/posts"}],"about":[{"href":"https:\/\/www.udrugamrkz.hr\/index.php?rest_route=\/wp\/v2\/types\/post"}],"author":[{"embeddable":true,"href":"https:\/\/www.udrugamrkz.hr\/index.php?rest_route=\/wp\/v2\/users\/1"}],"replies":[{"embeddable":true,"href":"https:\/\/www.udrugamrkz.hr\/index.php?rest_route=%2Fwp%2Fv2%2Fcomments&post=9266"}],"version-history":[{"count":2,"href":"https:\/\/www.udrugamrkz.hr\/index.php?rest_route=\/wp\/v2\/posts\/9266\/revisions"}],"predecessor-version":[{"id":9273,"href":"https:\/\/www.udrugamrkz.hr\/index.php?rest_route=\/wp\/v2\/posts\/9266\/revisions\/9273"}],"wp:featuredmedia":[{"embeddable":true,"href":"https:\/\/www.udrugamrkz.hr\/index.php?rest_route=\/wp\/v2\/media\/9232"}],"wp:attachment":[{"href":"https:\/\/www.udrugamrkz.hr\/index.php?rest_route=%2Fwp%2Fv2%2Fmedia&parent=9266"}],"wp:term":[{"taxonomy":"category","embeddable":true,"href":"https:\/\/www.udrugamrkz.hr\/index.php?rest_route=%2Fwp%2Fv2%2Fcategories&post=9266"},{"taxonomy":"post_tag","embeddable":true,"href":"https:\/\/www.udrugamrkz.hr\/index.php?rest_route=%2Fwp%2Fv2%2Ftags&post=9266"}],"curies":[{"name":"wp","href":"https:\/\/api.w.org\/{rel}","templated":true}]}}