{"id":920,"date":"2013-03-22T20:46:44","date_gmt":"2013-03-22T19:46:44","guid":{"rendered":"http:\/\/www.udrugamrkz.hr\/?p=920"},"modified":"2013-04-15T20:47:46","modified_gmt":"2013-04-15T19:47:46","slug":"izborna-skupsina","status":"publish","type":"post","link":"https:\/\/www.udrugamrkz.hr\/?p=920","title":{"rendered":"Izborna Skup\u0161ina"},"content":{"rendered":"<p>Predstavnici Udruge sudjelovali su na Izbornoj Skup\u0161tini Udruge za pomo\u0107 osobama s mentalnom retardacijom \u0110ur\u0111evac.<\/p>\n","protected":false},"excerpt":{"rendered":"<p>Predstavnici Udruge sudjelovali su na Izbornoj Skup\u0161tini Udruge za pomo\u0107 osobama s mentalnom retardacijom \u0110ur\u0111evac.<\/p>\n","protected":false},"author":1,"featured_media":0,"comment_status":"closed","ping_status":"closed","sticky":false,"template":"","format":"standard","meta":{"ngg_post_thumbnail":0,"footnotes":""},"categories":[3],"tags":[],"_links":{"self":[{"href":"https:\/\/www.udrugamrkz.hr\/index.php?rest_route=\/wp\/v2\/posts\/920"}],"collection":[{"href":"https:\/\/www.udrugamrkz.hr\/index.php?rest_route=\/wp\/v2\/posts"}],"about":[{"href":"https:\/\/www.udrugamrkz.hr\/index.php?rest_route=\/wp\/v2\/types\/post"}],"author":[{"embeddable":true,"href":"https:\/\/www.udrugamrkz.hr\/index.php?rest_route=\/wp\/v2\/users\/1"}],"replies":[{"embeddable":true,"href":"https:\/\/www.udrugamrkz.hr\/index.php?rest_route=%2Fwp%2Fv2%2Fcomments&post=920"}],"version-history":[{"count":1,"href":"https:\/\/www.udrugamrkz.hr\/index.php?rest_route=\/wp\/v2\/posts\/920\/revisions"}],"predecessor-version":[{"id":921,"href":"https:\/\/www.udrugamrkz.hr\/index.php?rest_route=\/wp\/v2\/posts\/920\/revisions\/921"}],"wp:attachment":[{"href":"https:\/\/www.udrugamrkz.hr\/index.php?rest_route=%2Fwp%2Fv2%2Fmedia&parent=920"}],"wp:term":[{"taxonomy":"category","embeddable":true,"href":"https:\/\/www.udrugamrkz.hr\/index.php?rest_route=%2Fwp%2Fv2%2Fcategories&post=920"},{"taxonomy":"post_tag","embeddable":true,"href":"https:\/\/www.udrugamrkz.hr\/index.php?rest_route=%2Fwp%2Fv2%2Ftags&post=920"}],"curies":[{"name":"wp","href":"https:\/\/api.w.org\/{rel}","templated":true}]}}