{"id":8997,"date":"2026-01-23T08:43:22","date_gmt":"2026-01-23T07:43:22","guid":{"rendered":"https:\/\/www.udrugamrkz.hr\/?p=8997"},"modified":"2026-01-23T08:50:02","modified_gmt":"2026-01-23T07:50:02","slug":"gostovanje-u-radio-emisiji-zajedno-u-svemu","status":"publish","type":"post","link":"https:\/\/www.udrugamrkz.hr\/?p=8997","title":{"rendered":"Gostovanje u radio emisiji &#8220;Zajedno u svemu&#8221;"},"content":{"rendered":"\n<p>U \u010detvrtak, 22. sije\u010dnja 2026. u 18:00 sati u radio emisiji &#8220;Zajedno u svemu&#8221; na Radio Kri\u017eevci\u00a0gostovale su predsjednica Udruge Sla\u0111ana Seku\u0161ak te predsjednica Nadzornog odbora Tamara Cvrtila.\u00a0Tema emisije su bili planovi za 2026. godinu. Predsjednica Udruge Sla\u0111ana Seku\u0161ak je govorila o planu rada Udruge, dok je Tamara Cvrtila, dugogodi\u0161nja volonterka prezentirala plan rada Kluba &#8220;Masla\u010dak&#8221; odnosno plan pru\u017eanja socijalnih usluga u 2026. godini. Rije\u010d je bila i o novom Strate\u0161kom planu za razdoblje od 2026. do 2030. godine te o strate\u0161kim ciljevima. Predsjednica Udruge je zahvalila svima koji na bilo koji na\u010din podr\u017eavaju rad Udruge te naglasila kako je podr\u0161ka zajednice najbitnija.                                                                                                                                                         Moderatorica emisije je bila dugogodi\u0161nja suradnica Udruge, gospo\u0111a Jelena Iv\u0161i\u0107.<\/p>\n\n\n\n<p>Planove za 2026. godinu mo\u017eete vidjeti na ovoj web stranici pod stavkom &#8211; Dokumenti. <\/p>\n\n\n\n<figure class=\"wp-block-image size-large is-resized\"><img loading=\"lazy\" decoding=\"async\" width=\"1024\" height=\"576\" src=\"https:\/\/www.udrugamrkz.hr\/wp-content\/uploads\/617023217_25474423935576337_8422330846906482012_n-1024x576.jpg\" alt=\"\" class=\"wp-image-8998\" style=\"width:549px;height:auto\" srcset=\"https:\/\/www.udrugamrkz.hr\/wp-content\/uploads\/617023217_25474423935576337_8422330846906482012_n-1024x576.jpg 1024w, https:\/\/www.udrugamrkz.hr\/wp-content\/uploads\/617023217_25474423935576337_8422330846906482012_n-300x169.jpg 300w, https:\/\/www.udrugamrkz.hr\/wp-content\/uploads\/617023217_25474423935576337_8422330846906482012_n-768x432.jpg 768w, https:\/\/www.udrugamrkz.hr\/wp-content\/uploads\/617023217_25474423935576337_8422330846906482012_n-1536x864.jpg 1536w, https:\/\/www.udrugamrkz.hr\/wp-content\/uploads\/617023217_25474423935576337_8422330846906482012_n.jpg 2048w\" sizes=\"(max-width: 1024px) 100vw, 1024px\" \/><\/figure>\n","protected":false},"excerpt":{"rendered":"<p>U \u010detvrtak, 22. sije\u010dnja 2026. u 18:00 sati u radio emisiji &#8220;Zajedno u svemu&#8221; na Radio Kri\u017eevci\u00a0gostovale su predsjednica Udruge Sla\u0111ana Seku\u0161ak te predsjednica Nadzornog odbora Tamara Cvrtila.\u00a0Tema emisije su bili planovi za 2026.&#46;&#46;&#46;<\/p>\n","protected":false},"author":1,"featured_media":8998,"comment_status":"closed","ping_status":"closed","sticky":false,"template":"","format":"standard","meta":{"ngg_post_thumbnail":0,"footnotes":""},"categories":[3,1],"tags":[],"_links":{"self":[{"href":"https:\/\/www.udrugamrkz.hr\/index.php?rest_route=\/wp\/v2\/posts\/8997"}],"collection":[{"href":"https:\/\/www.udrugamrkz.hr\/index.php?rest_route=\/wp\/v2\/posts"}],"about":[{"href":"https:\/\/www.udrugamrkz.hr\/index.php?rest_route=\/wp\/v2\/types\/post"}],"author":[{"embeddable":true,"href":"https:\/\/www.udrugamrkz.hr\/index.php?rest_route=\/wp\/v2\/users\/1"}],"replies":[{"embeddable":true,"href":"https:\/\/www.udrugamrkz.hr\/index.php?rest_route=%2Fwp%2Fv2%2Fcomments&post=8997"}],"version-history":[{"count":2,"href":"https:\/\/www.udrugamrkz.hr\/index.php?rest_route=\/wp\/v2\/posts\/8997\/revisions"}],"predecessor-version":[{"id":9001,"href":"https:\/\/www.udrugamrkz.hr\/index.php?rest_route=\/wp\/v2\/posts\/8997\/revisions\/9001"}],"wp:featuredmedia":[{"embeddable":true,"href":"https:\/\/www.udrugamrkz.hr\/index.php?rest_route=\/wp\/v2\/media\/8998"}],"wp:attachment":[{"href":"https:\/\/www.udrugamrkz.hr\/index.php?rest_route=%2Fwp%2Fv2%2Fmedia&parent=8997"}],"wp:term":[{"taxonomy":"category","embeddable":true,"href":"https:\/\/www.udrugamrkz.hr\/index.php?rest_route=%2Fwp%2Fv2%2Fcategories&post=8997"},{"taxonomy":"post_tag","embeddable":true,"href":"https:\/\/www.udrugamrkz.hr\/index.php?rest_route=%2Fwp%2Fv2%2Ftags&post=8997"}],"curies":[{"name":"wp","href":"https:\/\/api.w.org\/{rel}","templated":true}]}}