{"id":898,"date":"2013-03-12T08:43:05","date_gmt":"2013-03-12T07:43:05","guid":{"rendered":"http:\/\/www.udrugamrkz.hr\/?p=898"},"modified":"2013-03-19T08:44:17","modified_gmt":"2013-03-19T07:44:17","slug":"sastanak-kod-gradonacelnika","status":"publish","type":"post","link":"https:\/\/www.udrugamrkz.hr\/?p=898","title":{"rendered":"Sastanak kod gradona\u010delnika"},"content":{"rendered":"<p>Predsjednica Udruge sudjelovala je na sastanku humanitarnih, socijalnih i ostalih udruga koji je sazvao gradona\u010delnik Branko Hrg. Razgovaralo se o projektima, aktivnostima, mogu\u0107nostima zapo\u0161ljavanja u udrugama ali i o problemima sa kojima se udruge svakodnevno susre\u0107u. Sastanku su prisustvovali predstavnici gradskih udruga.<\/p>\n","protected":false},"excerpt":{"rendered":"<p>Predsjednica Udruge sudjelovala je na sastanku humanitarnih, socijalnih i ostalih udruga koji je sazvao gradona\u010delnik Branko Hrg. Razgovaralo se o projektima, aktivnostima, mogu\u0107nostima zapo\u0161ljavanja u udrugama ali i o problemima sa kojima se udruge&#46;&#46;&#46;<\/p>\n","protected":false},"author":1,"featured_media":0,"comment_status":"closed","ping_status":"closed","sticky":false,"template":"","format":"standard","meta":{"ngg_post_thumbnail":0,"footnotes":""},"categories":[1],"tags":[],"_links":{"self":[{"href":"https:\/\/www.udrugamrkz.hr\/index.php?rest_route=\/wp\/v2\/posts\/898"}],"collection":[{"href":"https:\/\/www.udrugamrkz.hr\/index.php?rest_route=\/wp\/v2\/posts"}],"about":[{"href":"https:\/\/www.udrugamrkz.hr\/index.php?rest_route=\/wp\/v2\/types\/post"}],"author":[{"embeddable":true,"href":"https:\/\/www.udrugamrkz.hr\/index.php?rest_route=\/wp\/v2\/users\/1"}],"replies":[{"embeddable":true,"href":"https:\/\/www.udrugamrkz.hr\/index.php?rest_route=%2Fwp%2Fv2%2Fcomments&post=898"}],"version-history":[{"count":1,"href":"https:\/\/www.udrugamrkz.hr\/index.php?rest_route=\/wp\/v2\/posts\/898\/revisions"}],"predecessor-version":[{"id":899,"href":"https:\/\/www.udrugamrkz.hr\/index.php?rest_route=\/wp\/v2\/posts\/898\/revisions\/899"}],"wp:attachment":[{"href":"https:\/\/www.udrugamrkz.hr\/index.php?rest_route=%2Fwp%2Fv2%2Fmedia&parent=898"}],"wp:term":[{"taxonomy":"category","embeddable":true,"href":"https:\/\/www.udrugamrkz.hr\/index.php?rest_route=%2Fwp%2Fv2%2Fcategories&post=898"},{"taxonomy":"post_tag","embeddable":true,"href":"https:\/\/www.udrugamrkz.hr\/index.php?rest_route=%2Fwp%2Fv2%2Ftags&post=898"}],"curies":[{"name":"wp","href":"https:\/\/api.w.org\/{rel}","templated":true}]}}