{"id":8259,"date":"2025-07-21T08:55:39","date_gmt":"2025-07-21T07:55:39","guid":{"rendered":"https:\/\/www.udrugamrkz.hr\/?p=8259"},"modified":"2025-07-28T09:04:41","modified_gmt":"2025-07-28T08:04:41","slug":"odrzana-zavrsna-konferencija-projekta-izrada-socijalnog-plana-koprivnicko-krizevacke-zupanije","status":"publish","type":"post","link":"https:\/\/www.udrugamrkz.hr\/?p=8259","title":{"rendered":"Odr\u017eana Zavr\u0161na konferencija projekta \u201eIzrada socijalnog plana Koprivni\u010dko-kri\u017eeva\u010dke \u017eupanije\u201c"},"content":{"rendered":"\n<p>U prostorijama poduzetni\u010dkog inkubatora Enter Koprivnica danas je odr\u017eana Zavr\u0161na konferencija projekta \u201eIzrada socijalnog plana Koprivni\u010dko- kri\u017eeva\u010dke \u017eupanije\u201c, koji \u0107e zna\u010dajno doprinijeti pove\u0107anju dostupnosti socijalnih usluga za gra\u0111ane. Projekt je proveden u suradnji s PORA Regionalnom razvojnom agencijom KK\u017d kao stru\u010dnim partnerom te Institutom za razvoj tr\u017ei\u0161ta rada koji je pru\u017eao stru\u010dnu podr\u0161ku projektnom timu, a tijekom provedbe prikupljeni su analizirani i obra\u0111eni podaci potrebni za izradu \u017dupanijskog socijalnog plana.                               Uvodnim rije\u010dima obratila se pro\u010delnica Upravnog odjela za zdravstveno socijalne djelatnosti Maja Bla\u017eek koja je predstavila projekt izrade Socijalnog plana. Tijekom predstavljanja istaknula je kako je ukupna vrijednost projekta 71.782,98 eura, od \u010dega je 68.193,83 eura sufinancirano iz bespovratnih EU sredstava, dok je iznos \u017dupanijskih sredstava 3.589,15 eura. Glavne aktivnosti uklju\u010divale su prikupljanje, analizu i obradu podataka, edukaciju \u010dlanova Savjeta za socijalnu skrb te samu izradu \u017dupanijskog socijalnog plana kojim se \u017eeli doprinijeti ravnomjernom regionalnom razvoju socijalnih usluga te omogu\u0107iti stru\u010dno planiranje i u\u010dinkovitu provedbu politika u podru\u010dju socijalne skrbi.                                                                                                                                                                   Predstavnik Instituta za razvoj tr\u017ei\u0161ta rada Antonio Matkovi\u0107 predstavio je rezultate projekta te ciljeve socijalnog plana. Napomenuo je kako se tijekom izrade ovog va\u017enog dokumenta vodilo ra\u010duna o ostvarenju nekoliko va\u017enih ciljeva, prije svega pove\u0107anje dostupnosti socijalnih i komplementarnih usluga za djecu i mlade, osobe od 20 do 64 godine i starije osobe te pove\u0107anje usmjerenosti na potrebe korisnika kroz ulaganje u kvalitetu i vidljivost socijalnih usluga. Nakon \u0161to \u017dupanijska skup\u0161tina prihvati predlo\u017eeni Socijalni plan izradit \u0107e se godi\u0161nji Akcijski planovi, a isti \u0107e biti dobra podloga za izradu novog Socijalnog plana u budu\u0107nosti.                                                                                            Ravnateljica PORA Regionalne razvojne agencije KK\u017d Melita Bir\u010di\u0107 istaknula je kako je PORA sudjelovala u pripremi projekta kao regionalni koordinator \u017eupanijskih strate\u0161kih razvojnih dokumenata te kroz pra\u0107enje svih projektnih aktivnosti.                                                                                                                                                                                \u017dupan Golubi\u0107 zahvalio je svima koji su sudjelovali u provedbi projekta koji je temelje za daljnje aktivnosti.          <em>\u201eOvaj dokument daje dobru startnu poziciju za unaprje\u0111enje socijalnih usluga, ne samo na razini \u017eupanije ve\u0107 i svih drugih jedinica lokalne samouprave i pru\u017eatelja usluga. Posebno je koristan za one koji ne dolaze iz sektora socijalne skrbi jer jasno pokazuje kako i \u0161to dalje. \u017dupanija provodi odgovornu socijalnu politiku s posebnom pa\u017enjom usmjerenom na najugro\u017eenije dru\u0161tvene skupine te smo ove godine za programe socijalne skrbi u Prora\u010dunu osigurali ne\u0161to vi\u0161e od milijun eura, a ovim dokumentom dobili smo jasne smjernice za budu\u0107e korake kako bismo pobolj\u0161ali socijalne usluge i zadovoljili potrebe na\u0161ih korisnika\u201c,\u00a0<\/em>naglasio je \u017eupan Golubi\u0107. <\/p>\n\n\n\n<p>Konferenciji su prisustvovali predstavnici \u017eupanijskih i gradskih ustanova, \u010dlanovi Savjeta za socijalnu skrb, ravnateljice i ravnatelji zdravstveno \u2013 socijalnih ustanova, \u010dlanice i \u010dlanovi Projektnog tima i Radne skupine, upravitelj \u017dupanijske slu\u017ebe i voditeljice podru\u010dnih ureda Hrvatskog zavoda za socijalni rad te pro\u010delnice \u017eupanijskih i gradskih upravnih tijela.\u00a0<\/p>\n\n\n\n<p>Kao \u010dlanica Savjeta za socijalnu skrb ispred Udruge &#8220;Masla\u010dak&#8221; Kri\u017eevci u izradi Socijalnog plana Koprivni\u010dko-kri\u017eeva\u010dke \u017eupanije sudjelovala je Tamara Cvrtila. <\/p>\n\n\n\n<p>Izvor: Slu\u017ebena stranica Koprivni\u010dko-kri\u017eeva\u010dke \u017eupanije <\/p>\n\n\n\n<figure class=\"wp-block-image size-full is-resized\"><img loading=\"lazy\" decoding=\"async\" width=\"1024\" height=\"577\" src=\"https:\/\/www.udrugamrkz.hr\/wp-content\/uploads\/Zavrsna_konferencija_Izrada_Socijalnog_plana_2.jpg\" alt=\"\" class=\"wp-image-8260\" style=\"width:549px;height:auto\" srcset=\"https:\/\/www.udrugamrkz.hr\/wp-content\/uploads\/Zavrsna_konferencija_Izrada_Socijalnog_plana_2.jpg 1024w, https:\/\/www.udrugamrkz.hr\/wp-content\/uploads\/Zavrsna_konferencija_Izrada_Socijalnog_plana_2-300x169.jpg 300w, https:\/\/www.udrugamrkz.hr\/wp-content\/uploads\/Zavrsna_konferencija_Izrada_Socijalnog_plana_2-768x433.jpg 768w\" sizes=\"(max-width: 1024px) 100vw, 1024px\" \/><\/figure>\n\n\n\n<figure class=\"wp-block-image size-full is-resized\"><img loading=\"lazy\" decoding=\"async\" width=\"1024\" height=\"577\" src=\"https:\/\/www.udrugamrkz.hr\/wp-content\/uploads\/Zavrsna_konferencija_Izrada_Socijalnog_plana_1.jpg\" alt=\"\" class=\"wp-image-8261\" style=\"width:549px;height:auto\" srcset=\"https:\/\/www.udrugamrkz.hr\/wp-content\/uploads\/Zavrsna_konferencija_Izrada_Socijalnog_plana_1.jpg 1024w, https:\/\/www.udrugamrkz.hr\/wp-content\/uploads\/Zavrsna_konferencija_Izrada_Socijalnog_plana_1-300x169.jpg 300w, https:\/\/www.udrugamrkz.hr\/wp-content\/uploads\/Zavrsna_konferencija_Izrada_Socijalnog_plana_1-768x433.jpg 768w\" sizes=\"(max-width: 1024px) 100vw, 1024px\" \/><\/figure>\n\n\n\n<figure class=\"wp-block-image size-full is-resized\"><img loading=\"lazy\" decoding=\"async\" width=\"1024\" height=\"577\" src=\"https:\/\/www.udrugamrkz.hr\/wp-content\/uploads\/Zavrsna_konferencija_Izrada_Socijalnog_plana_17.jpg\" alt=\"\" class=\"wp-image-8262\" style=\"width:551px;height:auto\" srcset=\"https:\/\/www.udrugamrkz.hr\/wp-content\/uploads\/Zavrsna_konferencija_Izrada_Socijalnog_plana_17.jpg 1024w, https:\/\/www.udrugamrkz.hr\/wp-content\/uploads\/Zavrsna_konferencija_Izrada_Socijalnog_plana_17-300x169.jpg 300w, https:\/\/www.udrugamrkz.hr\/wp-content\/uploads\/Zavrsna_konferencija_Izrada_Socijalnog_plana_17-768x433.jpg 768w\" sizes=\"(max-width: 1024px) 100vw, 1024px\" \/><\/figure>\n\n\n\n<figure class=\"wp-block-image size-full is-resized\"><img loading=\"lazy\" decoding=\"async\" width=\"450\" height=\"368\" src=\"https:\/\/www.udrugamrkz.hr\/wp-content\/uploads\/Logo_-_Socijalni_plan_KKZ.png\" alt=\"\" class=\"wp-image-8263\" style=\"width:551px;height:auto\" srcset=\"https:\/\/www.udrugamrkz.hr\/wp-content\/uploads\/Logo_-_Socijalni_plan_KKZ.png 450w, https:\/\/www.udrugamrkz.hr\/wp-content\/uploads\/Logo_-_Socijalni_plan_KKZ-300x245.png 300w\" sizes=\"(max-width: 450px) 100vw, 450px\" \/><\/figure>\n","protected":false},"excerpt":{"rendered":"<p>U prostorijama poduzetni\u010dkog inkubatora Enter Koprivnica danas je odr\u017eana Zavr\u0161na konferencija projekta \u201eIzrada socijalnog plana Koprivni\u010dko- kri\u017eeva\u010dke \u017eupanije\u201c, koji \u0107e zna\u010dajno doprinijeti pove\u0107anju dostupnosti socijalnih usluga za gra\u0111ane. Projekt je proveden u suradnji s&#46;&#46;&#46;<\/p>\n","protected":false},"author":1,"featured_media":8262,"comment_status":"closed","ping_status":"closed","sticky":false,"template":"","format":"standard","meta":{"ngg_post_thumbnail":0,"footnotes":""},"categories":[1],"tags":[],"_links":{"self":[{"href":"https:\/\/www.udrugamrkz.hr\/index.php?rest_route=\/wp\/v2\/posts\/8259"}],"collection":[{"href":"https:\/\/www.udrugamrkz.hr\/index.php?rest_route=\/wp\/v2\/posts"}],"about":[{"href":"https:\/\/www.udrugamrkz.hr\/index.php?rest_route=\/wp\/v2\/types\/post"}],"author":[{"embeddable":true,"href":"https:\/\/www.udrugamrkz.hr\/index.php?rest_route=\/wp\/v2\/users\/1"}],"replies":[{"embeddable":true,"href":"https:\/\/www.udrugamrkz.hr\/index.php?rest_route=%2Fwp%2Fv2%2Fcomments&post=8259"}],"version-history":[{"count":1,"href":"https:\/\/www.udrugamrkz.hr\/index.php?rest_route=\/wp\/v2\/posts\/8259\/revisions"}],"predecessor-version":[{"id":8264,"href":"https:\/\/www.udrugamrkz.hr\/index.php?rest_route=\/wp\/v2\/posts\/8259\/revisions\/8264"}],"wp:featuredmedia":[{"embeddable":true,"href":"https:\/\/www.udrugamrkz.hr\/index.php?rest_route=\/wp\/v2\/media\/8262"}],"wp:attachment":[{"href":"https:\/\/www.udrugamrkz.hr\/index.php?rest_route=%2Fwp%2Fv2%2Fmedia&parent=8259"}],"wp:term":[{"taxonomy":"category","embeddable":true,"href":"https:\/\/www.udrugamrkz.hr\/index.php?rest_route=%2Fwp%2Fv2%2Fcategories&post=8259"},{"taxonomy":"post_tag","embeddable":true,"href":"https:\/\/www.udrugamrkz.hr\/index.php?rest_route=%2Fwp%2Fv2%2Ftags&post=8259"}],"curies":[{"name":"wp","href":"https:\/\/api.w.org\/{rel}","templated":true}]}}