{"id":8130,"date":"2025-06-06T07:32:28","date_gmt":"2025-06-06T06:32:28","guid":{"rendered":"https:\/\/www.udrugamrkz.hr\/?p=8130"},"modified":"2025-06-12T07:35:06","modified_gmt":"2025-06-12T06:35:06","slug":"20-godina-udruge-srce-zelina","status":"publish","type":"post","link":"https:\/\/www.udrugamrkz.hr\/?p=8130","title":{"rendered":"20 . godina Udruge Srce Zelina"},"content":{"rendered":"\n<p>Predsjednica Udruge Sla\u0111ana Seku\u0161ak sudjelovala je na SVE\u010cANOJ PROSLAVI 20-tog RO\u0110ENDANA UDRUGE SRCE koja je odr\u017eana 6. lipnja u Dvorani Ivana u Sv. Ivanu Zelini.<\/p>\n\n\n\n<p>Dragim prijateljima \u017eelimo puno uspjeha u daljnjem radu i novim izazovima u koje kre\u0107u pod motom:<\/p>\n\n\n\n<p>\u201eSNA\u017dNI SMO KAD SMO RAZLI\u010cITI, NEPOBJEDIVI KAD SMO ZAJEDNO!\u201c<\/p>\n\n\n\n<figure class=\"wp-block-image size-large is-resized\"><img loading=\"lazy\" decoding=\"async\" width=\"768\" height=\"1024\" src=\"https:\/\/www.udrugamrkz.hr\/wp-content\/uploads\/500074570_9717068751738442_624606564245440389_n-768x1024.jpg\" alt=\"\" class=\"wp-image-8131\" style=\"width:416px;height:auto\" srcset=\"https:\/\/www.udrugamrkz.hr\/wp-content\/uploads\/500074570_9717068751738442_624606564245440389_n-768x1024.jpg 768w, https:\/\/www.udrugamrkz.hr\/wp-content\/uploads\/500074570_9717068751738442_624606564245440389_n-225x300.jpg 225w, https:\/\/www.udrugamrkz.hr\/wp-content\/uploads\/500074570_9717068751738442_624606564245440389_n-1152x1536.jpg 1152w, https:\/\/www.udrugamrkz.hr\/wp-content\/uploads\/500074570_9717068751738442_624606564245440389_n.jpg 1200w\" sizes=\"(max-width: 768px) 100vw, 768px\" \/><\/figure>\n\n\n\n<figure class=\"wp-block-image size-large is-resized\"><img loading=\"lazy\" decoding=\"async\" width=\"768\" height=\"1024\" src=\"https:\/\/www.udrugamrkz.hr\/wp-content\/uploads\/495660125_9717068941738423_152682023130102421_n-768x1024.jpg\" alt=\"\" class=\"wp-image-8132\" style=\"width:415px;height:auto\" srcset=\"https:\/\/www.udrugamrkz.hr\/wp-content\/uploads\/495660125_9717068941738423_152682023130102421_n-768x1024.jpg 768w, https:\/\/www.udrugamrkz.hr\/wp-content\/uploads\/495660125_9717068941738423_152682023130102421_n-225x300.jpg 225w, https:\/\/www.udrugamrkz.hr\/wp-content\/uploads\/495660125_9717068941738423_152682023130102421_n-1152x1536.jpg 1152w, https:\/\/www.udrugamrkz.hr\/wp-content\/uploads\/495660125_9717068941738423_152682023130102421_n.jpg 1200w\" sizes=\"(max-width: 768px) 100vw, 768px\" \/><\/figure>\n\n\n\n<figure class=\"wp-block-image size-large is-resized\"><img loading=\"lazy\" decoding=\"async\" width=\"768\" height=\"1024\" src=\"https:\/\/www.udrugamrkz.hr\/wp-content\/uploads\/505761694_9717069308405053_3329586980797899657_n-768x1024.jpg\" alt=\"\" class=\"wp-image-8133\" style=\"width:415px;height:auto\" srcset=\"https:\/\/www.udrugamrkz.hr\/wp-content\/uploads\/505761694_9717069308405053_3329586980797899657_n-768x1024.jpg 768w, https:\/\/www.udrugamrkz.hr\/wp-content\/uploads\/505761694_9717069308405053_3329586980797899657_n-225x300.jpg 225w, https:\/\/www.udrugamrkz.hr\/wp-content\/uploads\/505761694_9717069308405053_3329586980797899657_n-1152x1536.jpg 1152w, https:\/\/www.udrugamrkz.hr\/wp-content\/uploads\/505761694_9717069308405053_3329586980797899657_n.jpg 1200w\" sizes=\"(max-width: 768px) 100vw, 768px\" \/><\/figure>\n\n\n\n<figure class=\"wp-block-image size-large is-resized\"><img loading=\"lazy\" decoding=\"async\" width=\"1024\" height=\"666\" src=\"https:\/\/www.udrugamrkz.hr\/wp-content\/uploads\/505437527_9717069111738406_6203212634093212111_n-1024x666.jpg\" alt=\"\" class=\"wp-image-8134\" style=\"width:551px;height:auto\" srcset=\"https:\/\/www.udrugamrkz.hr\/wp-content\/uploads\/505437527_9717069111738406_6203212634093212111_n-1024x666.jpg 1024w, https:\/\/www.udrugamrkz.hr\/wp-content\/uploads\/505437527_9717069111738406_6203212634093212111_n-300x195.jpg 300w, https:\/\/www.udrugamrkz.hr\/wp-content\/uploads\/505437527_9717069111738406_6203212634093212111_n-768x500.jpg 768w, https:\/\/www.udrugamrkz.hr\/wp-content\/uploads\/505437527_9717069111738406_6203212634093212111_n.jpg 1200w\" sizes=\"(max-width: 1024px) 100vw, 1024px\" \/><\/figure>\n","protected":false},"excerpt":{"rendered":"<p>Predsjednica Udruge Sla\u0111ana Seku\u0161ak sudjelovala je na SVE\u010cANOJ PROSLAVI 20-tog RO\u0110ENDANA UDRUGE SRCE koja je odr\u017eana 6. lipnja u Dvorani Ivana u Sv. Ivanu Zelini. Dragim prijateljima \u017eelimo puno uspjeha u daljnjem radu i&#46;&#46;&#46;<\/p>\n","protected":false},"author":1,"featured_media":8131,"comment_status":"closed","ping_status":"closed","sticky":false,"template":"","format":"standard","meta":{"ngg_post_thumbnail":0,"footnotes":""},"categories":[1],"tags":[],"_links":{"self":[{"href":"https:\/\/www.udrugamrkz.hr\/index.php?rest_route=\/wp\/v2\/posts\/8130"}],"collection":[{"href":"https:\/\/www.udrugamrkz.hr\/index.php?rest_route=\/wp\/v2\/posts"}],"about":[{"href":"https:\/\/www.udrugamrkz.hr\/index.php?rest_route=\/wp\/v2\/types\/post"}],"author":[{"embeddable":true,"href":"https:\/\/www.udrugamrkz.hr\/index.php?rest_route=\/wp\/v2\/users\/1"}],"replies":[{"embeddable":true,"href":"https:\/\/www.udrugamrkz.hr\/index.php?rest_route=%2Fwp%2Fv2%2Fcomments&post=8130"}],"version-history":[{"count":1,"href":"https:\/\/www.udrugamrkz.hr\/index.php?rest_route=\/wp\/v2\/posts\/8130\/revisions"}],"predecessor-version":[{"id":8135,"href":"https:\/\/www.udrugamrkz.hr\/index.php?rest_route=\/wp\/v2\/posts\/8130\/revisions\/8135"}],"wp:featuredmedia":[{"embeddable":true,"href":"https:\/\/www.udrugamrkz.hr\/index.php?rest_route=\/wp\/v2\/media\/8131"}],"wp:attachment":[{"href":"https:\/\/www.udrugamrkz.hr\/index.php?rest_route=%2Fwp%2Fv2%2Fmedia&parent=8130"}],"wp:term":[{"taxonomy":"category","embeddable":true,"href":"https:\/\/www.udrugamrkz.hr\/index.php?rest_route=%2Fwp%2Fv2%2Fcategories&post=8130"},{"taxonomy":"post_tag","embeddable":true,"href":"https:\/\/www.udrugamrkz.hr\/index.php?rest_route=%2Fwp%2Fv2%2Ftags&post=8130"}],"curies":[{"name":"wp","href":"https:\/\/api.w.org\/{rel}","templated":true}]}}