{"id":7906,"date":"2025-04-24T06:50:47","date_gmt":"2025-04-24T05:50:47","guid":{"rendered":"https:\/\/www.udrugamrkz.hr\/?p=7906"},"modified":"2025-04-25T07:53:18","modified_gmt":"2025-04-25T06:53:18","slug":"sretan-773-rodendan-grade","status":"publish","type":"post","link":"https:\/\/www.udrugamrkz.hr\/?p=7906","title":{"rendered":"Sretan 773. ro\u0111endan Grade!"},"content":{"rendered":"\n<p>Danas Grad Kri\u017eevci slavi 773. ro\u0111endan. <\/p>\n\n\n\n<p class=\"has-text-align-left\"><strong>Kri\u017eevci<\/strong> su grad u Koprivni\u010dko-kri\u017eeva\u010dkoj \u017eupaniji u Hrvatskoj.\u00a0\u017deljezni\u010dko su i\u00a0cestovno\u00a0kri\u017ei\u0161te te gospodarsko sredi\u0161te. Stolje\u0107ima su bili upravno sredi\u0161te i jedan od najva\u017enijih gradova Sredi\u0161nje Hrvatske. Ujedno su i sjedi\u0161te\u00a0Kri\u017eeva\u010dke biskupije. <\/p>\n\n\n\n<p class=\"has-text-align-left\">Kri\u017eevci su stari hrvatski grad&nbsp;u Prigorju, koji se prvi puta spominje&nbsp;1209.&nbsp;godine; mjesto u kojem se stvarala i branila hrvatska dr\u017eavnost, u kojem su izdane mnoge va\u017ene isprave i odr\u017eano 27 hrvatskih sabora, od kojih je najpoznatiji&nbsp;Krvavi sabor Kri\u017eeva\u010dki. Kraljevsko gospodarsko i \u0161umarsko u\u010dili\u0161te u Kri\u017eevcima iz&nbsp;1860.&nbsp;godine, najstarije je poljoprivredno i \u0161umarsko u\u010dili\u0161te u Hrvatskoj i Jugoisto\u010dnoj Europi te ujedno prva vi\u0161e\u0161kolska ustanova u Hrvatskoj. Sam grad je za\u0161ti\u0107eno kulturno podru\u010dje, s arhitektonski definiranim ulicama i trgovima. Odlikuje se velikim brojem sakralnih objekata od kojih se isti\u010du&nbsp;neogoti\u010dka&nbsp;grkokatoli\u010dka katedrala Presvetog Trojstva, konkatedrala Sv. Kri\u017ea&nbsp;s vrijednim oltarom Francesca Robbe i&nbsp;kapela Majke Bo\u017eje Koru\u0161ke, koja pripada me\u0111u najranije&nbsp;barokne&nbsp;gra\u0111evine s trolisnim sveti\u0161tem u&nbsp;Hrvatskoj&nbsp;i prava je riznica vrhunskih umjetni\u010dkih dostignu\u0107a. Kri\u017eevci su rodno mjesto sveca Marka Kri\u017eev\u010danina&nbsp;i sjedi\u0161te&nbsp;Grkokatoli\u010dke Crkve za Hrvatsku, Bosnu i Hercegovinu i Sloveniju. Posebnost Kri\u017eevaca su bogata \u0161umarska i vinogradarska tradicija, o\u010duvane&nbsp;klijeti, kri\u017eeva\u010dki \u0161tatuti (najstarije i najpoznatije hrvatske vinsko-pajda\u0161ke regule),&nbsp;bilikum (posuda od tri spojena vr\u010da) i manifestacija po\u010detkom lipnja Kri\u017eeva\u010dko veliko spravi\u0161\u010de.. U studenome 2018. godine Grad Kri\u017eevci postali su Grad prijatelj djece.<\/p>\n\n\n\n<p class=\"has-text-align-left\">Naziv Kri\u017eevci je u mno\u017eini&nbsp;jer je dana\u0161nji&nbsp;grad&nbsp;nastao spajanjem dva grada: Donjega i Gornjeg grada. I danas se tako zovu dvije gradske \u010detvrti Kri\u017eevaca. Ujedinjenje se dogodilo odlukom carice Marije Terezije&nbsp;1752.&nbsp;godine. Sada\u0161nji&nbsp;grb&nbsp;je nastao spajanjem grbova Donjeg i Gornjeg grada. Glavna&nbsp;\u017eupna crkva bila je&nbsp;crkva Sv. Kri\u017ea, a glavna crkvena sve\u010danost za blagdan&nbsp;Uzvi\u0161enja Svetog Kri\u017ea. Kri\u017eevci su prometno kri\u017ei\u0161te pa je i to pridonijelo dana\u0161njem imenu. Kri\u017eeva\u010dke crkve i kapele raspore\u0111ene su na prilazima gradu, tvore\u0107i oko grada&nbsp;kri\u017e.<\/p>\n\n\n\n<p class=\"has-text-align-left\">Grb Grada Kri\u017eevaca je u obliku \u0161tita s plavim poljem. Na plavom polju su dvije povijene&nbsp;ruke&nbsp;koje se dr\u017ee me\u0111usobno, desna u srebrnom&nbsp;oklopu, lijeva u zlatnom rukavu, i zajedno dr\u017ee trostruki srebrni kri\u017e izme\u0111u dvije zlatne&nbsp;zvijezde&nbsp;u kutovima. Oklopljena ruka predstavlja vojnu upravu Gornjeg Kri\u017eevca, a ona u civilnoj odje\u0107i trgova\u010dki Donji Kri\u017eevac.<\/p>\n\n\n\n<figure class=\"wp-block-image size-full is-resized\"><img loading=\"lazy\" decoding=\"async\" width=\"862\" height=\"574\" src=\"https:\/\/www.udrugamrkz.hr\/wp-content\/uploads\/IMG_1357_a_resize.jpg\" alt=\"\" class=\"wp-image-7908\" style=\"width:423px;height:auto\" srcset=\"https:\/\/www.udrugamrkz.hr\/wp-content\/uploads\/IMG_1357_a_resize.jpg 862w, https:\/\/www.udrugamrkz.hr\/wp-content\/uploads\/IMG_1357_a_resize-300x200.jpg 300w, https:\/\/www.udrugamrkz.hr\/wp-content\/uploads\/IMG_1357_a_resize-768x511.jpg 768w\" sizes=\"(max-width: 862px) 100vw, 862px\" \/><\/figure>\n\n\n\n<figure class=\"wp-block-image size-large is-resized\"><img loading=\"lazy\" decoding=\"async\" width=\"699\" height=\"1024\" src=\"https:\/\/www.udrugamrkz.hr\/wp-content\/uploads\/Sveti_Marko_Krizevcanin-699x1024.jpg\" alt=\"\" class=\"wp-image-7909\" style=\"width:423px;height:auto\" srcset=\"https:\/\/www.udrugamrkz.hr\/wp-content\/uploads\/Sveti_Marko_Krizevcanin-699x1024.jpg 699w, https:\/\/www.udrugamrkz.hr\/wp-content\/uploads\/Sveti_Marko_Krizevcanin-205x300.jpg 205w, https:\/\/www.udrugamrkz.hr\/wp-content\/uploads\/Sveti_Marko_Krizevcanin-768x1125.jpg 768w, https:\/\/www.udrugamrkz.hr\/wp-content\/uploads\/Sveti_Marko_Krizevcanin.jpg 800w\" sizes=\"(max-width: 699px) 100vw, 699px\" \/><\/figure>\n\n\n\n<figure class=\"wp-block-image size-full is-resized\"><img loading=\"lazy\" decoding=\"async\" width=\"500\" height=\"300\" src=\"https:\/\/www.udrugamrkz.hr\/wp-content\/uploads\/GRAD-KRIZEVCI-NASLOVNA.jpg\" alt=\"\" class=\"wp-image-7910\" style=\"width:422px;height:auto\" srcset=\"https:\/\/www.udrugamrkz.hr\/wp-content\/uploads\/GRAD-KRIZEVCI-NASLOVNA.jpg 500w, https:\/\/www.udrugamrkz.hr\/wp-content\/uploads\/GRAD-KRIZEVCI-NASLOVNA-300x180.jpg 300w\" sizes=\"(max-width: 500px) 100vw, 500px\" \/><\/figure>\n\n\n\n<figure class=\"wp-block-image size-full is-resized\"><img loading=\"lazy\" decoding=\"async\" width=\"720\" height=\"787\" src=\"https:\/\/www.udrugamrkz.hr\/wp-content\/uploads\/492137920_9348209501957704_4809027376418327697_n-1.jpg\" alt=\"\" class=\"wp-image-7911\" style=\"width:412px;height:auto\" srcset=\"https:\/\/www.udrugamrkz.hr\/wp-content\/uploads\/492137920_9348209501957704_4809027376418327697_n-1.jpg 720w, https:\/\/www.udrugamrkz.hr\/wp-content\/uploads\/492137920_9348209501957704_4809027376418327697_n-1-274x300.jpg 274w\" sizes=\"(max-width: 720px) 100vw, 720px\" \/><\/figure>\n","protected":false},"excerpt":{"rendered":"<p>Danas Grad Kri\u017eevci slavi 773. ro\u0111endan. Kri\u017eevci su grad u Koprivni\u010dko-kri\u017eeva\u010dkoj \u017eupaniji u Hrvatskoj.\u00a0\u017deljezni\u010dko su i\u00a0cestovno\u00a0kri\u017ei\u0161te te gospodarsko sredi\u0161te. Stolje\u0107ima su bili upravno sredi\u0161te i jedan od najva\u017enijih gradova Sredi\u0161nje Hrvatske. Ujedno su i&#46;&#46;&#46;<\/p>\n","protected":false},"author":1,"featured_media":7911,"comment_status":"closed","ping_status":"closed","sticky":false,"template":"","format":"standard","meta":{"ngg_post_thumbnail":0,"footnotes":""},"categories":[1],"tags":[],"_links":{"self":[{"href":"https:\/\/www.udrugamrkz.hr\/index.php?rest_route=\/wp\/v2\/posts\/7906"}],"collection":[{"href":"https:\/\/www.udrugamrkz.hr\/index.php?rest_route=\/wp\/v2\/posts"}],"about":[{"href":"https:\/\/www.udrugamrkz.hr\/index.php?rest_route=\/wp\/v2\/types\/post"}],"author":[{"embeddable":true,"href":"https:\/\/www.udrugamrkz.hr\/index.php?rest_route=\/wp\/v2\/users\/1"}],"replies":[{"embeddable":true,"href":"https:\/\/www.udrugamrkz.hr\/index.php?rest_route=%2Fwp%2Fv2%2Fcomments&post=7906"}],"version-history":[{"count":2,"href":"https:\/\/www.udrugamrkz.hr\/index.php?rest_route=\/wp\/v2\/posts\/7906\/revisions"}],"predecessor-version":[{"id":7926,"href":"https:\/\/www.udrugamrkz.hr\/index.php?rest_route=\/wp\/v2\/posts\/7906\/revisions\/7926"}],"wp:featuredmedia":[{"embeddable":true,"href":"https:\/\/www.udrugamrkz.hr\/index.php?rest_route=\/wp\/v2\/media\/7911"}],"wp:attachment":[{"href":"https:\/\/www.udrugamrkz.hr\/index.php?rest_route=%2Fwp%2Fv2%2Fmedia&parent=7906"}],"wp:term":[{"taxonomy":"category","embeddable":true,"href":"https:\/\/www.udrugamrkz.hr\/index.php?rest_route=%2Fwp%2Fv2%2Fcategories&post=7906"},{"taxonomy":"post_tag","embeddable":true,"href":"https:\/\/www.udrugamrkz.hr\/index.php?rest_route=%2Fwp%2Fv2%2Ftags&post=7906"}],"curies":[{"name":"wp","href":"https:\/\/api.w.org\/{rel}","templated":true}]}}