{"id":742,"date":"2012-03-21T08:38:42","date_gmt":"2012-03-21T07:38:42","guid":{"rendered":"http:\/\/www.udrugamrkz.hr\/?p=742"},"modified":"2012-03-27T08:40:07","modified_gmt":"2012-03-27T07:40:07","slug":"medunarodni-dan-osoba-s-down-sindromom","status":"publish","type":"post","link":"https:\/\/www.udrugamrkz.hr\/?p=742","title":{"rendered":"Me\u0111unarodni dan osoba s Down sindromom"},"content":{"rendered":"<p>Povodom Me\u0111unarodnog dana osoba s Down sindromom \u010dlanovi Udruge bili su primljeni kod gradona\u010delnika Branka Hrga. Djeca su za gradona\u010delnika pripremila recitaciju te ga darivala radovima koje su sami izradili, a roditelji i voditeljica su ukazali na probleme sa kojima se susre\u0107u svakodnevno. Gradona\u010delnik je napomenuo kako ovoj djeci kao i njihovim roditeljima treba pru\u017eiti podr\u0161ku i pomo\u0107i im da \u017eive kao punopravni \u010dlanovi zajednice.<\/p>\n","protected":false},"excerpt":{"rendered":"<p>Povodom Me\u0111unarodnog dana osoba s Down sindromom \u010dlanovi Udruge bili su primljeni kod gradona\u010delnika Branka Hrga. Djeca su za gradona\u010delnika pripremila recitaciju te ga darivala radovima koje su sami izradili, a roditelji i voditeljica&#46;&#46;&#46;<\/p>\n","protected":false},"author":1,"featured_media":0,"comment_status":"closed","ping_status":"closed","sticky":false,"template":"","format":"standard","meta":{"ngg_post_thumbnail":0,"footnotes":""},"categories":[3],"tags":[],"_links":{"self":[{"href":"https:\/\/www.udrugamrkz.hr\/index.php?rest_route=\/wp\/v2\/posts\/742"}],"collection":[{"href":"https:\/\/www.udrugamrkz.hr\/index.php?rest_route=\/wp\/v2\/posts"}],"about":[{"href":"https:\/\/www.udrugamrkz.hr\/index.php?rest_route=\/wp\/v2\/types\/post"}],"author":[{"embeddable":true,"href":"https:\/\/www.udrugamrkz.hr\/index.php?rest_route=\/wp\/v2\/users\/1"}],"replies":[{"embeddable":true,"href":"https:\/\/www.udrugamrkz.hr\/index.php?rest_route=%2Fwp%2Fv2%2Fcomments&post=742"}],"version-history":[{"count":1,"href":"https:\/\/www.udrugamrkz.hr\/index.php?rest_route=\/wp\/v2\/posts\/742\/revisions"}],"predecessor-version":[{"id":743,"href":"https:\/\/www.udrugamrkz.hr\/index.php?rest_route=\/wp\/v2\/posts\/742\/revisions\/743"}],"wp:attachment":[{"href":"https:\/\/www.udrugamrkz.hr\/index.php?rest_route=%2Fwp%2Fv2%2Fmedia&parent=742"}],"wp:term":[{"taxonomy":"category","embeddable":true,"href":"https:\/\/www.udrugamrkz.hr\/index.php?rest_route=%2Fwp%2Fv2%2Fcategories&post=742"},{"taxonomy":"post_tag","embeddable":true,"href":"https:\/\/www.udrugamrkz.hr\/index.php?rest_route=%2Fwp%2Fv2%2Ftags&post=742"}],"curies":[{"name":"wp","href":"https:\/\/api.w.org\/{rel}","templated":true}]}}