{"id":7333,"date":"2024-11-18T14:30:08","date_gmt":"2024-11-18T13:30:08","guid":{"rendered":"https:\/\/www.udrugamrkz.hr\/?p=7333"},"modified":"2024-12-06T14:34:44","modified_gmt":"2024-12-06T13:34:44","slug":"dan-sjecanja-na-zrtve-domovinskog-rata-dan-sjecanja-na-zrtvu-vukovara-i-skabrnje","status":"publish","type":"post","link":"https:\/\/www.udrugamrkz.hr\/?p=7333","title":{"rendered":"Dan sje\u0107anja na \u017ertve Domovinskog rata i                                                                          \u017ertvu Vukovara i \u0160kabrnje"},"content":{"rendered":"\n<p>Neka im je vje\u010dna slava i hvala! <\/p>\n\n\n\n<p>Dan sje\u0107anja na \u017ertve Domovinskog rata<\/p>\n\n\n\n<p>Dan sje\u0107anja na \u017ertvu Vukovara i \u0160kabrnje<\/p>\n\n\n\n<figure class=\"wp-block-image size-large is-resized\"><img loading=\"lazy\" decoding=\"async\" width=\"768\" height=\"1024\" src=\"https:\/\/www.udrugamrkz.hr\/wp-content\/uploads\/467186991_8404021299709867_3411351958078440429_n-768x1024.jpg\" alt=\"\" class=\"wp-image-7334\" style=\"width:360px;height:auto\" srcset=\"https:\/\/www.udrugamrkz.hr\/wp-content\/uploads\/467186991_8404021299709867_3411351958078440429_n-768x1024.jpg 768w, https:\/\/www.udrugamrkz.hr\/wp-content\/uploads\/467186991_8404021299709867_3411351958078440429_n-225x300.jpg 225w, https:\/\/www.udrugamrkz.hr\/wp-content\/uploads\/467186991_8404021299709867_3411351958078440429_n-1152x1536.jpg 1152w, https:\/\/www.udrugamrkz.hr\/wp-content\/uploads\/467186991_8404021299709867_3411351958078440429_n.jpg 1200w\" sizes=\"(max-width: 768px) 100vw, 768px\" \/><\/figure>\n\n\n\n<figure class=\"wp-block-image size-large is-resized\"><img loading=\"lazy\" decoding=\"async\" width=\"768\" height=\"1024\" src=\"https:\/\/www.udrugamrkz.hr\/wp-content\/uploads\/467480926_8404021483043182_1715087764647471618_n-768x1024.jpg\" alt=\"\" class=\"wp-image-7335\" style=\"width:360px;height:auto\" srcset=\"https:\/\/www.udrugamrkz.hr\/wp-content\/uploads\/467480926_8404021483043182_1715087764647471618_n-768x1024.jpg 768w, https:\/\/www.udrugamrkz.hr\/wp-content\/uploads\/467480926_8404021483043182_1715087764647471618_n-225x300.jpg 225w, https:\/\/www.udrugamrkz.hr\/wp-content\/uploads\/467480926_8404021483043182_1715087764647471618_n-1152x1536.jpg 1152w, https:\/\/www.udrugamrkz.hr\/wp-content\/uploads\/467480926_8404021483043182_1715087764647471618_n.jpg 1200w\" sizes=\"(max-width: 768px) 100vw, 768px\" \/><\/figure>\n\n\n\n<figure class=\"wp-block-image size-large is-resized\"><img loading=\"lazy\" decoding=\"async\" width=\"768\" height=\"1024\" src=\"https:\/\/www.udrugamrkz.hr\/wp-content\/uploads\/466974569_8404021776376486_5070745298153743851_n-768x1024.jpg\" alt=\"\" class=\"wp-image-7336\" style=\"width:363px;height:auto\" srcset=\"https:\/\/www.udrugamrkz.hr\/wp-content\/uploads\/466974569_8404021776376486_5070745298153743851_n-768x1024.jpg 768w, https:\/\/www.udrugamrkz.hr\/wp-content\/uploads\/466974569_8404021776376486_5070745298153743851_n-225x300.jpg 225w, https:\/\/www.udrugamrkz.hr\/wp-content\/uploads\/466974569_8404021776376486_5070745298153743851_n-1152x1536.jpg 1152w, https:\/\/www.udrugamrkz.hr\/wp-content\/uploads\/466974569_8404021776376486_5070745298153743851_n.jpg 1200w\" sizes=\"(max-width: 768px) 100vw, 768px\" \/><\/figure>\n\n\n\n<figure class=\"wp-block-image size-large is-resized\"><img loading=\"lazy\" decoding=\"async\" width=\"768\" height=\"1024\" src=\"https:\/\/www.udrugamrkz.hr\/wp-content\/uploads\/467016045_8404021656376498_8175353043280417052_n-768x1024.jpg\" alt=\"\" class=\"wp-image-7337\" style=\"width:362px;height:auto\" srcset=\"https:\/\/www.udrugamrkz.hr\/wp-content\/uploads\/467016045_8404021656376498_8175353043280417052_n-768x1024.jpg 768w, https:\/\/www.udrugamrkz.hr\/wp-content\/uploads\/467016045_8404021656376498_8175353043280417052_n-225x300.jpg 225w, https:\/\/www.udrugamrkz.hr\/wp-content\/uploads\/467016045_8404021656376498_8175353043280417052_n-1152x1536.jpg 1152w, https:\/\/www.udrugamrkz.hr\/wp-content\/uploads\/467016045_8404021656376498_8175353043280417052_n.jpg 1200w\" sizes=\"(max-width: 768px) 100vw, 768px\" \/><\/figure>\n","protected":false},"excerpt":{"rendered":"<p>Neka im je vje\u010dna slava i hvala! Dan sje\u0107anja na \u017ertve Domovinskog rata Dan sje\u0107anja na \u017ertvu Vukovara i \u0160kabrnje<\/p>\n","protected":false},"author":1,"featured_media":7334,"comment_status":"closed","ping_status":"closed","sticky":false,"template":"","format":"standard","meta":{"ngg_post_thumbnail":0,"footnotes":""},"categories":[1],"tags":[],"_links":{"self":[{"href":"https:\/\/www.udrugamrkz.hr\/index.php?rest_route=\/wp\/v2\/posts\/7333"}],"collection":[{"href":"https:\/\/www.udrugamrkz.hr\/index.php?rest_route=\/wp\/v2\/posts"}],"about":[{"href":"https:\/\/www.udrugamrkz.hr\/index.php?rest_route=\/wp\/v2\/types\/post"}],"author":[{"embeddable":true,"href":"https:\/\/www.udrugamrkz.hr\/index.php?rest_route=\/wp\/v2\/users\/1"}],"replies":[{"embeddable":true,"href":"https:\/\/www.udrugamrkz.hr\/index.php?rest_route=%2Fwp%2Fv2%2Fcomments&post=7333"}],"version-history":[{"count":2,"href":"https:\/\/www.udrugamrkz.hr\/index.php?rest_route=\/wp\/v2\/posts\/7333\/revisions"}],"predecessor-version":[{"id":7340,"href":"https:\/\/www.udrugamrkz.hr\/index.php?rest_route=\/wp\/v2\/posts\/7333\/revisions\/7340"}],"wp:featuredmedia":[{"embeddable":true,"href":"https:\/\/www.udrugamrkz.hr\/index.php?rest_route=\/wp\/v2\/media\/7334"}],"wp:attachment":[{"href":"https:\/\/www.udrugamrkz.hr\/index.php?rest_route=%2Fwp%2Fv2%2Fmedia&parent=7333"}],"wp:term":[{"taxonomy":"category","embeddable":true,"href":"https:\/\/www.udrugamrkz.hr\/index.php?rest_route=%2Fwp%2Fv2%2Fcategories&post=7333"},{"taxonomy":"post_tag","embeddable":true,"href":"https:\/\/www.udrugamrkz.hr\/index.php?rest_route=%2Fwp%2Fv2%2Ftags&post=7333"}],"curies":[{"name":"wp","href":"https:\/\/api.w.org\/{rel}","templated":true}]}}