{"id":7027,"date":"2024-09-15T07:46:42","date_gmt":"2024-09-15T06:46:42","guid":{"rendered":"https:\/\/www.udrugamrkz.hr\/?p=7027"},"modified":"2024-09-17T07:50:12","modified_gmt":"2024-09-17T06:50:12","slug":"posjet-krizevackom-kinu","status":"publish","type":"post","link":"https:\/\/www.udrugamrkz.hr\/?p=7027","title":{"rendered":"Posjet kri\u017eeva\u010dkom kinu"},"content":{"rendered":"\n<p>Jedan od ciljeva djelovanja na\u0161e Udruge je i uklju\u010divanje mladih s te\u0161ko\u0107ama u razvoju i osoba s intelektualnim te\u0161ko\u0107ama u \u017eivot lokalne zajednice kako bi se osje\u0107ali kao njezini punopravni \u010dlanovi, pa smo ovu ki\u0161ni nedjelju, 15. rujna iskoristili za odlazak u kino.                                                                                                                                               Ovaj put su na\u0161i Masla\u010dci gledali sinkroniziranu komediju &#8220;Kao pas i ma\u010dka&#8221; koja je pro\u017eeta humorom. Naravno Masla\u010dci su u\u017eivali u filmu jer smo odabrali film koji je sinkroniziran kako bi svi mogli razumjeti bit filma i ve\u0107 planiraju odlazak na slijede\u0107i.                                                                                                                                                      Ova aktivnost dio je projekta &#8220;Zajedno za bolje sutra&#8221; kojeg financira Zaklada &#8220;Hrvatska za djecu&#8221;.<\/p>\n\n\n\n<figure class=\"wp-block-image size-large is-resized\"><img loading=\"lazy\" decoding=\"async\" width=\"1024\" height=\"461\" src=\"https:\/\/www.udrugamrkz.hr\/wp-content\/uploads\/459640729_7933721130073222_7833044585842182778_n-1024x461.jpg\" alt=\"\" class=\"wp-image-7028\" style=\"width:617px;height:auto\" srcset=\"https:\/\/www.udrugamrkz.hr\/wp-content\/uploads\/459640729_7933721130073222_7833044585842182778_n-1024x461.jpg 1024w, https:\/\/www.udrugamrkz.hr\/wp-content\/uploads\/459640729_7933721130073222_7833044585842182778_n-300x135.jpg 300w, https:\/\/www.udrugamrkz.hr\/wp-content\/uploads\/459640729_7933721130073222_7833044585842182778_n-768x346.jpg 768w, https:\/\/www.udrugamrkz.hr\/wp-content\/uploads\/459640729_7933721130073222_7833044585842182778_n-1536x691.jpg 1536w, https:\/\/www.udrugamrkz.hr\/wp-content\/uploads\/459640729_7933721130073222_7833044585842182778_n.jpg 1600w\" sizes=\"(max-width: 1024px) 100vw, 1024px\" \/><\/figure>\n\n\n\n<figure class=\"wp-block-image size-large is-resized\"><img loading=\"lazy\" decoding=\"async\" width=\"473\" height=\"1024\" src=\"https:\/\/www.udrugamrkz.hr\/wp-content\/uploads\/459984433_7933721413406527_4103906122654270197_n-473x1024.jpg\" alt=\"\" class=\"wp-image-7029\" style=\"width:279px;height:auto\" srcset=\"https:\/\/www.udrugamrkz.hr\/wp-content\/uploads\/459984433_7933721413406527_4103906122654270197_n-473x1024.jpg 473w, https:\/\/www.udrugamrkz.hr\/wp-content\/uploads\/459984433_7933721413406527_4103906122654270197_n-139x300.jpg 139w, https:\/\/www.udrugamrkz.hr\/wp-content\/uploads\/459984433_7933721413406527_4103906122654270197_n-709x1536.jpg 709w, https:\/\/www.udrugamrkz.hr\/wp-content\/uploads\/459984433_7933721413406527_4103906122654270197_n.jpg 739w\" sizes=\"(max-width: 473px) 100vw, 473px\" \/><\/figure>\n\n\n\n<figure class=\"wp-block-image size-large is-resized\"><img loading=\"lazy\" decoding=\"async\" width=\"659\" height=\"1024\" src=\"https:\/\/www.udrugamrkz.hr\/wp-content\/uploads\/459315379_7933720863406582_1983995485985134646_n-659x1024.jpg\" alt=\"\" class=\"wp-image-7030\" style=\"width:276px;height:auto\" srcset=\"https:\/\/www.udrugamrkz.hr\/wp-content\/uploads\/459315379_7933720863406582_1983995485985134646_n-659x1024.jpg 659w, https:\/\/www.udrugamrkz.hr\/wp-content\/uploads\/459315379_7933720863406582_1983995485985134646_n-193x300.jpg 193w, https:\/\/www.udrugamrkz.hr\/wp-content\/uploads\/459315379_7933720863406582_1983995485985134646_n.jpg 724w\" sizes=\"(max-width: 659px) 100vw, 659px\" \/><\/figure>\n","protected":false},"excerpt":{"rendered":"<p>Jedan od ciljeva djelovanja na\u0161e Udruge je i uklju\u010divanje mladih s te\u0161ko\u0107ama u razvoju i osoba s intelektualnim te\u0161ko\u0107ama u \u017eivot lokalne zajednice kako bi se osje\u0107ali kao njezini punopravni \u010dlanovi, pa smo ovu&#46;&#46;&#46;<\/p>\n","protected":false},"author":1,"featured_media":7028,"comment_status":"closed","ping_status":"closed","sticky":false,"template":"","format":"standard","meta":{"ngg_post_thumbnail":0,"footnotes":""},"categories":[1],"tags":[],"_links":{"self":[{"href":"https:\/\/www.udrugamrkz.hr\/index.php?rest_route=\/wp\/v2\/posts\/7027"}],"collection":[{"href":"https:\/\/www.udrugamrkz.hr\/index.php?rest_route=\/wp\/v2\/posts"}],"about":[{"href":"https:\/\/www.udrugamrkz.hr\/index.php?rest_route=\/wp\/v2\/types\/post"}],"author":[{"embeddable":true,"href":"https:\/\/www.udrugamrkz.hr\/index.php?rest_route=\/wp\/v2\/users\/1"}],"replies":[{"embeddable":true,"href":"https:\/\/www.udrugamrkz.hr\/index.php?rest_route=%2Fwp%2Fv2%2Fcomments&post=7027"}],"version-history":[{"count":1,"href":"https:\/\/www.udrugamrkz.hr\/index.php?rest_route=\/wp\/v2\/posts\/7027\/revisions"}],"predecessor-version":[{"id":7031,"href":"https:\/\/www.udrugamrkz.hr\/index.php?rest_route=\/wp\/v2\/posts\/7027\/revisions\/7031"}],"wp:featuredmedia":[{"embeddable":true,"href":"https:\/\/www.udrugamrkz.hr\/index.php?rest_route=\/wp\/v2\/media\/7028"}],"wp:attachment":[{"href":"https:\/\/www.udrugamrkz.hr\/index.php?rest_route=%2Fwp%2Fv2%2Fmedia&parent=7027"}],"wp:term":[{"taxonomy":"category","embeddable":true,"href":"https:\/\/www.udrugamrkz.hr\/index.php?rest_route=%2Fwp%2Fv2%2Fcategories&post=7027"},{"taxonomy":"post_tag","embeddable":true,"href":"https:\/\/www.udrugamrkz.hr\/index.php?rest_route=%2Fwp%2Fv2%2Ftags&post=7027"}],"curies":[{"name":"wp","href":"https:\/\/api.w.org\/{rel}","templated":true}]}}