{"id":7024,"date":"2024-09-14T07:40:55","date_gmt":"2024-09-14T06:40:55","guid":{"rendered":"https:\/\/www.udrugamrkz.hr\/?p=7024"},"modified":"2024-09-17T07:44:32","modified_gmt":"2024-09-17T06:44:32","slug":"34-rodendan-udruge","status":"publish","type":"post","link":"https:\/\/www.udrugamrkz.hr\/?p=7024","title":{"rendered":"34. ro\u0111endan Udruge"},"content":{"rendered":"\n<p>Na dana\u0161nji dan prije 34 godine odr\u017eana je osniva\u010dka skup\u0161tina na\u0161e Udruge. Udruga je osnovana na inicijativu stru\u010dnjaka kako bi se pru\u017eila podr\u0161ka roditeljima i udomiteljima u skrbi za njihovu djecu s te\u0161ko\u0107ama u razvoju. Tijekom 34 godine puno toga se promijenilo. Danas udrugu uglavnom \u010dine roditelji i udomitelji, a kroz aktivnosti udruge pru\u017eamo podr\u0161ku djeci i mladima s te\u0161ko\u0107ama u razvoju i osobama s intelektualnim te\u0161ko\u0107ama. Proveli smo brojne projekte, programe, akcije, inicijative o kojima bi se moglo na duga\u010dko pisati.  Imamo na kori\u0161tenje ku\u0107u od Grada Kri\u017eevaca koji smo dogradili, nabavili smo kombi vozilo, pru\u017eamo socijalne usluge kako bi djeci s te\u0161ko\u0107ama u razvoju i osobama s intelektualnim te\u0161ko\u0107ama bilo ljep\u0161e i kvalitetnije u na\u0161oj lokalnoj zajednici. Podr\u0161ka smo obiteljima. Informiramo, senzibiliziramo, lobiramo, drugim rije\u010dima &#8211; borimo se za na\u0161e \u010dlanove. Bilo je tu suza i smijeha, uspona i padova, lijepih i manje lijepih trenutaka, ali mo\u017eemo re\u0107i da smo za 34 godine uz puno truda i rada te uz podr\u0161ku dobrih ljudi i svih Vas koji nas pratite puno toga postigli.                                                                                    Idemo dalje u nove izazove koji su pred nama i u nove pobjede!! <\/p>\n\n\n\n<p>Ro\u0111endan je pravo vrijeme da se prisjetimo svih onih koji su u udrugu utkali dio sebe. Osim na\u0161ih zaposlenika kojih je tijekom godina bilo puno, ostalih \u010dlanova udruge i volontera, one koje su uvijek bile prve su na\u0161e predsjednice.                       Svaka od njih je u rad udruge od samog osnutka dala svoj doprinos i zaslu\u017ena je da je udruga opstala 34 godine.                Hvala im na njihovom radu za dobrobit svih \u010dlanova i na njihovom dugogodi\u0161njem volonterskom anga\u017emanu. <\/p>\n\n\n\n<p>Marija Prodan 1990.-1996.                                                                                                                                                           Nada Domitrovi\u0107 1996.-2000.                                                                                                                                                  Jasenka Kokor 2000.-2004.                                                                                                                                                       Tamara Premu\u0161 2004.-2024.                                                                                                                                                     Sla\u0111ana Seku\u0161ak 2024.-<\/p>\n\n\n\n<figure class=\"wp-block-image size-large is-resized\"><img loading=\"lazy\" decoding=\"async\" width=\"1024\" height=\"820\" src=\"https:\/\/www.udrugamrkz.hr\/wp-content\/uploads\/rodendan-1024x820.jpg\" alt=\"\" class=\"wp-image-7025\" style=\"width:467px;height:auto\" srcset=\"https:\/\/www.udrugamrkz.hr\/wp-content\/uploads\/rodendan-1024x820.jpg 1024w, https:\/\/www.udrugamrkz.hr\/wp-content\/uploads\/rodendan-300x240.jpg 300w, https:\/\/www.udrugamrkz.hr\/wp-content\/uploads\/rodendan-768x615.jpg 768w, https:\/\/www.udrugamrkz.hr\/wp-content\/uploads\/rodendan-1536x1231.jpg 1536w, https:\/\/www.udrugamrkz.hr\/wp-content\/uploads\/rodendan.jpg 1600w\" sizes=\"(max-width: 1024px) 100vw, 1024px\" \/><\/figure>\n","protected":false},"excerpt":{"rendered":"<p>Na dana\u0161nji dan prije 34 godine odr\u017eana je osniva\u010dka skup\u0161tina na\u0161e Udruge. Udruga je osnovana na inicijativu stru\u010dnjaka kako bi se pru\u017eila podr\u0161ka roditeljima i udomiteljima u skrbi za njihovu djecu s te\u0161ko\u0107ama u&#46;&#46;&#46;<\/p>\n","protected":false},"author":1,"featured_media":7025,"comment_status":"closed","ping_status":"closed","sticky":false,"template":"","format":"standard","meta":{"ngg_post_thumbnail":0,"footnotes":""},"categories":[1],"tags":[],"_links":{"self":[{"href":"https:\/\/www.udrugamrkz.hr\/index.php?rest_route=\/wp\/v2\/posts\/7024"}],"collection":[{"href":"https:\/\/www.udrugamrkz.hr\/index.php?rest_route=\/wp\/v2\/posts"}],"about":[{"href":"https:\/\/www.udrugamrkz.hr\/index.php?rest_route=\/wp\/v2\/types\/post"}],"author":[{"embeddable":true,"href":"https:\/\/www.udrugamrkz.hr\/index.php?rest_route=\/wp\/v2\/users\/1"}],"replies":[{"embeddable":true,"href":"https:\/\/www.udrugamrkz.hr\/index.php?rest_route=%2Fwp%2Fv2%2Fcomments&post=7024"}],"version-history":[{"count":1,"href":"https:\/\/www.udrugamrkz.hr\/index.php?rest_route=\/wp\/v2\/posts\/7024\/revisions"}],"predecessor-version":[{"id":7026,"href":"https:\/\/www.udrugamrkz.hr\/index.php?rest_route=\/wp\/v2\/posts\/7024\/revisions\/7026"}],"wp:featuredmedia":[{"embeddable":true,"href":"https:\/\/www.udrugamrkz.hr\/index.php?rest_route=\/wp\/v2\/media\/7025"}],"wp:attachment":[{"href":"https:\/\/www.udrugamrkz.hr\/index.php?rest_route=%2Fwp%2Fv2%2Fmedia&parent=7024"}],"wp:term":[{"taxonomy":"category","embeddable":true,"href":"https:\/\/www.udrugamrkz.hr\/index.php?rest_route=%2Fwp%2Fv2%2Fcategories&post=7024"},{"taxonomy":"post_tag","embeddable":true,"href":"https:\/\/www.udrugamrkz.hr\/index.php?rest_route=%2Fwp%2Fv2%2Ftags&post=7024"}],"curies":[{"name":"wp","href":"https:\/\/api.w.org\/{rel}","templated":true}]}}