{"id":701,"date":"2011-12-05T11:29:59","date_gmt":"2011-12-05T10:29:59","guid":{"rendered":"http:\/\/www.udrugamrkz.hr\/?p=701"},"modified":"2011-12-07T11:30:39","modified_gmt":"2011-12-07T10:30:39","slug":"kreativnost-osoba-s-invaliditetom","status":"publish","type":"post","link":"https:\/\/www.udrugamrkz.hr\/?p=701","title":{"rendered":",,Kreativnost osoba s invaliditetom&#8221;"},"content":{"rendered":"<p>Na natje\u010daj &#8220;Kreativnost osoba s invaliditetom&#8221; smo poslali likovne radove na\u0161ih \u010dlanova. Svi radovi su u\u0161li u u\u017ei izbor i autori \u0107e biti nagra\u0111eni knjigama.<\/p>\n","protected":false},"excerpt":{"rendered":"<p>Na natje\u010daj &#8220;Kreativnost osoba s invaliditetom&#8221; smo poslali likovne radove na\u0161ih \u010dlanova. Svi radovi su u\u0161li u u\u017ei izbor i autori \u0107e biti nagra\u0111eni knjigama.<\/p>\n","protected":false},"author":1,"featured_media":0,"comment_status":"closed","ping_status":"closed","sticky":false,"template":"","format":"standard","meta":{"ngg_post_thumbnail":0,"footnotes":""},"categories":[1],"tags":[],"_links":{"self":[{"href":"https:\/\/www.udrugamrkz.hr\/index.php?rest_route=\/wp\/v2\/posts\/701"}],"collection":[{"href":"https:\/\/www.udrugamrkz.hr\/index.php?rest_route=\/wp\/v2\/posts"}],"about":[{"href":"https:\/\/www.udrugamrkz.hr\/index.php?rest_route=\/wp\/v2\/types\/post"}],"author":[{"embeddable":true,"href":"https:\/\/www.udrugamrkz.hr\/index.php?rest_route=\/wp\/v2\/users\/1"}],"replies":[{"embeddable":true,"href":"https:\/\/www.udrugamrkz.hr\/index.php?rest_route=%2Fwp%2Fv2%2Fcomments&post=701"}],"version-history":[{"count":1,"href":"https:\/\/www.udrugamrkz.hr\/index.php?rest_route=\/wp\/v2\/posts\/701\/revisions"}],"predecessor-version":[{"id":702,"href":"https:\/\/www.udrugamrkz.hr\/index.php?rest_route=\/wp\/v2\/posts\/701\/revisions\/702"}],"wp:attachment":[{"href":"https:\/\/www.udrugamrkz.hr\/index.php?rest_route=%2Fwp%2Fv2%2Fmedia&parent=701"}],"wp:term":[{"taxonomy":"category","embeddable":true,"href":"https:\/\/www.udrugamrkz.hr\/index.php?rest_route=%2Fwp%2Fv2%2Fcategories&post=701"},{"taxonomy":"post_tag","embeddable":true,"href":"https:\/\/www.udrugamrkz.hr\/index.php?rest_route=%2Fwp%2Fv2%2Ftags&post=701"}],"curies":[{"name":"wp","href":"https:\/\/api.w.org\/{rel}","templated":true}]}}