{"id":6992,"date":"2024-09-07T07:15:35","date_gmt":"2024-09-07T06:15:35","guid":{"rendered":"https:\/\/www.udrugamrkz.hr\/?p=6992"},"modified":"2024-09-10T07:27:58","modified_gmt":"2024-09-10T06:27:58","slug":"svetkovina-svetog-marka-krizevcanina","status":"publish","type":"post","link":"https:\/\/www.udrugamrkz.hr\/?p=6992","title":{"rendered":"Svetkovina svetog Marka Kri\u017eev\u010danina"},"content":{"rendered":"\n<p>U subotu, 7. rujna 2024. sve\u010danim misnim slavljem i pro\u0161\u0107enjem proslavljena je svetkovina sv. Marka Kri\u017eev\u010danina, za\u0161titnika grada Kri\u017eevaca, Koprivni\u010dko-kri\u017eeva\u010dke-\u017eupanije i Bjelovarsko &#8211; kri\u017eeva\u010dke biskupije.                                     Na sajmu &#8220;Licitarko&#8221; koji je uprili\u010den ovom prigodom izlo\u017eili smo svoje radove nastale u kreativnim radionicama poludnevnog boravka. Posjetitelji sajma mogli su na \u0161tandu vidjeti uporabne i ukrasne predmete od raznih materijala kao i suvenire koje su mogli kupiti za uspomenu na boravak u na\u0161em gradu. <\/p>\n\n\n\n<p>Marko Stjepan Krizin ro\u0111en je 1580. godine&nbsp;u slobodnom kraljevskom gradu Kri\u017eevcima, u Zagreba\u010dkoj biskupiji. Studirao je najprije u isusova\u010dkom kolegiju u Grazu, gdje je stupio u Marijinu kongregaciju. Kao sve\u0107eni\u010dki&nbsp;kandidat Zagreba\u010dke biskupije primljen je u glasoviti rimski kolegij &#8221;Germanicum et&nbsp;hungaricum&#8221; u Rimu, a u arhivu je o\u010duvan i njegov vlastoru\u010dni potpis:&nbsp;<em>Marko Stjepan Kri\u017eev\u010danin, Hrvat iz Zagreba\u010dke biskupije<\/em>.<\/p>\n\n\n\n<p>Kao student \u010duvenog rimskog sveu\u010dili\u0161ta Gregorijane, odlikovao se bistrinom uma i krjepo\u0161\u0107u. U Rimu je boravio od 1611. do 1615. godine. Postav\u0161i sve\u0107enik, Marko se vratio u domovinu i zauzeto djelovao u svom rodnom gradu \u2013&nbsp;Kri\u017eevcima. Nakon kratkoga&nbsp;vremena&nbsp;ugarski primas&nbsp;pozvao ga je&nbsp;u Trnavu i postavio za ravnatelja sjemeni\u0161ta. Imenovao ga je i kanonikom, a kasnije i upraviteljem benediktinske opatije Seplak kod Ko\u0161ica.<\/p>\n\n\n\n<p>U to vrijeme Ko\u0161ice su bile srce ma\u0111arskoga kalvinizma. Kako bi oja\u010dao polo\u017eaj malobrojnih katolika koji su bili uskra\u0107eni \u010dak i svojih crkava, gradski je upravitelj, namjesnik Matije II., Andrija Doczy, pozvao u Ko\u0161ice dva isusovca i smjestio ih u pala\u010du: Stjepana Pongracza koji je vodio brigu o vjernicima ma\u0111arskoga jezika i Melhiora Grodzieckoga koji je brinuo o vjernicima slova\u010dkoga jezika.<\/p>\n\n\n\n<p>Njihov je plodonosni rad oja\u010dao svijest katolika, ali i izazvao bijes kalvina koji su potaknuli narod na bunu, la\u017eno optu\u017eiv\u0161i katolike da su 13. srpnja 1619. godine izazvali po\u017ear u gradu. Tada se u Ko\u0161icama s isusovcima nalazio i na\u0161 sveti Marko. U tim te\u0161kim trenutcima htjeli su zajedno pomo\u0107i&nbsp;katolicima u gradu, no kad je zapovjednik kalvinske vojske Rakoczy sa svojim vojnicima 3. rujna 1619. u\u0161ao u Ko\u0161ice, odmah su zatvorili trojicu katoli\u010dkih sve\u0107enika.<\/p>\n\n\n\n<p>Tijekom tri&nbsp;dana nisu im dali ni jesti ni piti, a zapovjednik vojske obe\u0107ao je Marku Krizinu pokloniti crkveno imanje samo ako se odrekne katolicizma i postane kalvin. Marko je to najsna\u017enije odbio.&nbsp;&nbsp;Mu\u010denici su se prije te\u0161kih muka i prije&nbsp;smrti jedan drugomu&nbsp;ispovjedili, a zatim su molili naglas. Rano ujutro&nbsp;7. rujna&nbsp;1619. isusovci su stavljeni na najokrutnije muke.<\/p>\n\n\n\n<p>Kanoniku Marku Krizinu&nbsp;predlo\u017eili su opet da se pridru\u017ei onima koji ispovijedaju ugarsku vjeru te se opiru stranoj tiraniji \u2013&nbsp;Habsburgovcima, koji su bili izraziti katolici. Marko je odgovorio: &#8221;Neka me Bog o\u010duva da budem neprijatelj onima koji rade za dobro zemlje.&#8221; Prolazio je kroz najte\u017ee muke:&nbsp;krvnici su ga palili bakljama, a zatim mu odrubili glavu.<\/p>\n\n\n\n<p>Tijela dvojice isusovaca&nbsp;mu\u010denika i na\u0161eg svetog Marka Kri\u017eev\u010danina po\u010divaju u ur\u0161ulinskoj crkvi svete Ane u slova\u010dkom gradu Trnavi. Bla\u017eenima ih je proglasio papa Pio X.&nbsp;1905., a svetima i Ivan Pavao II. 2. srpnja 1995. godine. Sveti Marko Kri\u017eev\u010danin za\u0161titnik je grada Kri\u017eevaca i Koprivni\u010dko kri\u017eeva\u010dke \u017eupanije te Bjelovarsko-kri\u017eeva\u010dke i Vara\u017edinske biskupije. U Kri\u017eevcima mu je posve\u0107ena \u017eupna crkva Bla\u017eene Djevice Marije \u017dalosne i kapela u kri\u017eeva\u010dkom Gornjem gradu.<\/p>\n\n\n\n<p>Marku Kri\u017eev\u010daninu u \u010dast&nbsp;sagra\u0111ena je \u017eupna crkva bla\u017eenog Marka Kri\u017eev\u010danina u Zagrebu koju je blagoslovio zagreba\u010dki nadbiskup Alojzije Stepinac.<\/p>\n\n\n\n<figure class=\"wp-block-image size-large is-resized\"><img loading=\"lazy\" decoding=\"async\" width=\"1024\" height=\"785\" src=\"https:\/\/www.udrugamrkz.hr\/wp-content\/uploads\/458475740_7873064092805593_7291332267018031065_n-1024x785.jpg\" alt=\"\" class=\"wp-image-6993\" style=\"width:470px;height:auto\" srcset=\"https:\/\/www.udrugamrkz.hr\/wp-content\/uploads\/458475740_7873064092805593_7291332267018031065_n-1024x785.jpg 1024w, https:\/\/www.udrugamrkz.hr\/wp-content\/uploads\/458475740_7873064092805593_7291332267018031065_n-300x230.jpg 300w, https:\/\/www.udrugamrkz.hr\/wp-content\/uploads\/458475740_7873064092805593_7291332267018031065_n-768x589.jpg 768w, https:\/\/www.udrugamrkz.hr\/wp-content\/uploads\/458475740_7873064092805593_7291332267018031065_n-1536x1178.jpg 1536w, https:\/\/www.udrugamrkz.hr\/wp-content\/uploads\/458475740_7873064092805593_7291332267018031065_n.jpg 1600w\" sizes=\"(max-width: 1024px) 100vw, 1024px\" \/><\/figure>\n\n\n\n<figure class=\"wp-block-image size-large is-resized\"><img loading=\"lazy\" decoding=\"async\" width=\"819\" height=\"1024\" src=\"https:\/\/www.udrugamrkz.hr\/wp-content\/uploads\/458599513_7869792076466128_768177732716690764_n-819x1024.jpg\" alt=\"\" class=\"wp-image-6994\" style=\"width:316px;height:auto\" srcset=\"https:\/\/www.udrugamrkz.hr\/wp-content\/uploads\/458599513_7869792076466128_768177732716690764_n-819x1024.jpg 819w, https:\/\/www.udrugamrkz.hr\/wp-content\/uploads\/458599513_7869792076466128_768177732716690764_n-240x300.jpg 240w, https:\/\/www.udrugamrkz.hr\/wp-content\/uploads\/458599513_7869792076466128_768177732716690764_n-768x960.jpg 768w, https:\/\/www.udrugamrkz.hr\/wp-content\/uploads\/458599513_7869792076466128_768177732716690764_n-1229x1536.jpg 1229w, https:\/\/www.udrugamrkz.hr\/wp-content\/uploads\/458599513_7869792076466128_768177732716690764_n.jpg 1280w\" sizes=\"(max-width: 819px) 100vw, 819px\" \/><\/figure>\n\n\n\n<figure class=\"wp-block-image size-large is-resized\"><img loading=\"lazy\" decoding=\"async\" width=\"721\" height=\"1024\" src=\"https:\/\/www.udrugamrkz.hr\/wp-content\/uploads\/458662168_7870003069778362_8410088181627252234_n-721x1024.jpg\" alt=\"\" class=\"wp-image-6995\" style=\"width:317px;height:auto\" srcset=\"https:\/\/www.udrugamrkz.hr\/wp-content\/uploads\/458662168_7870003069778362_8410088181627252234_n-721x1024.jpg 721w, https:\/\/www.udrugamrkz.hr\/wp-content\/uploads\/458662168_7870003069778362_8410088181627252234_n-211x300.jpg 211w, https:\/\/www.udrugamrkz.hr\/wp-content\/uploads\/458662168_7870003069778362_8410088181627252234_n-768x1090.jpg 768w, https:\/\/www.udrugamrkz.hr\/wp-content\/uploads\/458662168_7870003069778362_8410088181627252234_n.jpg 1080w\" sizes=\"(max-width: 721px) 100vw, 721px\" \/><\/figure>\n\n\n\n<figure class=\"wp-block-image size-large is-resized\"><img loading=\"lazy\" decoding=\"async\" width=\"1024\" height=\"755\" src=\"https:\/\/www.udrugamrkz.hr\/wp-content\/uploads\/458752071_919631910207569_2027469473213467836_n-1024x755.jpg\" alt=\"\" class=\"wp-image-6996\" style=\"width:457px;height:auto\" srcset=\"https:\/\/www.udrugamrkz.hr\/wp-content\/uploads\/458752071_919631910207569_2027469473213467836_n-1024x755.jpg 1024w, https:\/\/www.udrugamrkz.hr\/wp-content\/uploads\/458752071_919631910207569_2027469473213467836_n-300x221.jpg 300w, https:\/\/www.udrugamrkz.hr\/wp-content\/uploads\/458752071_919631910207569_2027469473213467836_n-768x566.jpg 768w, https:\/\/www.udrugamrkz.hr\/wp-content\/uploads\/458752071_919631910207569_2027469473213467836_n-1536x1133.jpg 1536w, https:\/\/www.udrugamrkz.hr\/wp-content\/uploads\/458752071_919631910207569_2027469473213467836_n.jpg 2048w\" sizes=\"(max-width: 1024px) 100vw, 1024px\" \/><\/figure>\n","protected":false},"excerpt":{"rendered":"<p>U subotu, 7. rujna 2024. sve\u010danim misnim slavljem i pro\u0161\u0107enjem proslavljena je svetkovina sv. Marka Kri\u017eev\u010danina, za\u0161titnika grada Kri\u017eevaca, Koprivni\u010dko-kri\u017eeva\u010dke-\u017eupanije i Bjelovarsko &#8211; kri\u017eeva\u010dke biskupije. Na sajmu &#8220;Licitarko&#8221; koji je uprili\u010den ovom prigodom izlo\u017eili&#46;&#46;&#46;<\/p>\n","protected":false},"author":1,"featured_media":6993,"comment_status":"closed","ping_status":"closed","sticky":false,"template":"","format":"standard","meta":{"ngg_post_thumbnail":0,"footnotes":""},"categories":[1],"tags":[],"_links":{"self":[{"href":"https:\/\/www.udrugamrkz.hr\/index.php?rest_route=\/wp\/v2\/posts\/6992"}],"collection":[{"href":"https:\/\/www.udrugamrkz.hr\/index.php?rest_route=\/wp\/v2\/posts"}],"about":[{"href":"https:\/\/www.udrugamrkz.hr\/index.php?rest_route=\/wp\/v2\/types\/post"}],"author":[{"embeddable":true,"href":"https:\/\/www.udrugamrkz.hr\/index.php?rest_route=\/wp\/v2\/users\/1"}],"replies":[{"embeddable":true,"href":"https:\/\/www.udrugamrkz.hr\/index.php?rest_route=%2Fwp%2Fv2%2Fcomments&post=6992"}],"version-history":[{"count":1,"href":"https:\/\/www.udrugamrkz.hr\/index.php?rest_route=\/wp\/v2\/posts\/6992\/revisions"}],"predecessor-version":[{"id":6997,"href":"https:\/\/www.udrugamrkz.hr\/index.php?rest_route=\/wp\/v2\/posts\/6992\/revisions\/6997"}],"wp:featuredmedia":[{"embeddable":true,"href":"https:\/\/www.udrugamrkz.hr\/index.php?rest_route=\/wp\/v2\/media\/6993"}],"wp:attachment":[{"href":"https:\/\/www.udrugamrkz.hr\/index.php?rest_route=%2Fwp%2Fv2%2Fmedia&parent=6992"}],"wp:term":[{"taxonomy":"category","embeddable":true,"href":"https:\/\/www.udrugamrkz.hr\/index.php?rest_route=%2Fwp%2Fv2%2Fcategories&post=6992"},{"taxonomy":"post_tag","embeddable":true,"href":"https:\/\/www.udrugamrkz.hr\/index.php?rest_route=%2Fwp%2Fv2%2Ftags&post=6992"}],"curies":[{"name":"wp","href":"https:\/\/api.w.org\/{rel}","templated":true}]}}