{"id":636,"date":"2011-09-07T10:03:31","date_gmt":"2011-09-07T09:03:31","guid":{"rendered":"http:\/\/www.udrugamrkz.hr\/?p=636"},"modified":"2011-09-13T10:05:28","modified_gmt":"2011-09-13T09:05:28","slug":"sveti-marko-krizevcanin","status":"publish","type":"post","link":"https:\/\/www.udrugamrkz.hr\/?p=636","title":{"rendered":"Sveti Marko Kri\u017eev\u010danin"},"content":{"rendered":"<p>Predsjednica Udruge sudjelovala je na 11. susretu osoba s invaliditetom &#8220;Kri\u017eevci 2011.&#8221; povodom blagdana svetog Marka Kri\u017eev\u010danina u organizaciji Udruge invalida Kri\u017eevci. U sklopu susreta osobe s invaliditetom prisustvovale su svetoj misi na Strossmayerovom trgu.<br \/>\nIstovremeno na Nem\u010di\u0107evom trgu imali smo prigodnu prodaju na\u0161ih radova nastalih u kreativnim radionicama. Na \u0161tandu su se mogli vidjeti suveniri te ukrasni i uporabni predmeti koje su izradili \u010dlanovi Udruge.<\/p>\n","protected":false},"excerpt":{"rendered":"<p>Predsjednica Udruge sudjelovala je na 11. susretu osoba s invaliditetom &#8220;Kri\u017eevci 2011.&#8221; povodom blagdana svetog Marka Kri\u017eev\u010danina u organizaciji Udruge invalida Kri\u017eevci. U sklopu susreta osobe s invaliditetom prisustvovale su svetoj misi na Strossmayerovom&#46;&#46;&#46;<\/p>\n","protected":false},"author":1,"featured_media":0,"comment_status":"closed","ping_status":"closed","sticky":false,"template":"","format":"standard","meta":{"ngg_post_thumbnail":0,"footnotes":""},"categories":[1],"tags":[],"_links":{"self":[{"href":"https:\/\/www.udrugamrkz.hr\/index.php?rest_route=\/wp\/v2\/posts\/636"}],"collection":[{"href":"https:\/\/www.udrugamrkz.hr\/index.php?rest_route=\/wp\/v2\/posts"}],"about":[{"href":"https:\/\/www.udrugamrkz.hr\/index.php?rest_route=\/wp\/v2\/types\/post"}],"author":[{"embeddable":true,"href":"https:\/\/www.udrugamrkz.hr\/index.php?rest_route=\/wp\/v2\/users\/1"}],"replies":[{"embeddable":true,"href":"https:\/\/www.udrugamrkz.hr\/index.php?rest_route=%2Fwp%2Fv2%2Fcomments&post=636"}],"version-history":[{"count":2,"href":"https:\/\/www.udrugamrkz.hr\/index.php?rest_route=\/wp\/v2\/posts\/636\/revisions"}],"predecessor-version":[{"id":638,"href":"https:\/\/www.udrugamrkz.hr\/index.php?rest_route=\/wp\/v2\/posts\/636\/revisions\/638"}],"wp:attachment":[{"href":"https:\/\/www.udrugamrkz.hr\/index.php?rest_route=%2Fwp%2Fv2%2Fmedia&parent=636"}],"wp:term":[{"taxonomy":"category","embeddable":true,"href":"https:\/\/www.udrugamrkz.hr\/index.php?rest_route=%2Fwp%2Fv2%2Fcategories&post=636"},{"taxonomy":"post_tag","embeddable":true,"href":"https:\/\/www.udrugamrkz.hr\/index.php?rest_route=%2Fwp%2Fv2%2Ftags&post=636"}],"curies":[{"name":"wp","href":"https:\/\/api.w.org\/{rel}","templated":true}]}}