{"id":625,"date":"2011-08-04T17:20:52","date_gmt":"2011-08-04T16:20:52","guid":{"rendered":"http:\/\/www.udrugamrkz.hr\/?p=625"},"modified":"2011-08-07T17:25:32","modified_gmt":"2011-08-07T16:25:32","slug":"petnaest-godina-udruga-za-osobe-s-invaliditetom-ludbresko-sunce","status":"publish","type":"post","link":"https:\/\/www.udrugamrkz.hr\/?p=625","title":{"rendered":"Petnaest godina Udruga za osobe s invaliditetom ,, Ludbre\u0161ko sunce&#8221;"},"content":{"rendered":"<p>Predstavnici na\u0161e Udruge sudjelovali su na sve\u010danoj sjednici povodom 15. godi\u0161njice Udruge za osobe s invaliditetom ,,Ludbre\u0161ko sunce&#8221;. Sjednica je odr\u017eana u ,,Ku\u0107i sunca&#8221; u Globo\u010decu  pokraj Ludbrega, gdje ova udruga i djeluje. Nakon izlaganja predsjednice Ru\u017ee Zlatar o petnaestogodi\u0161njem radu  udruge te obra\u0107anja gostiju uslijedio je program koji su izveli doma\u0107ini, a nakon toga ru\u010dak i dru\u017eenje. Na\u0161im prijateljima je bilo drago \u0161to smo se odazvali njihovom pozivu.<\/p>\n","protected":false},"excerpt":{"rendered":"<p>Predstavnici na\u0161e Udruge sudjelovali su na sve\u010danoj sjednici povodom 15. godi\u0161njice Udruge za osobe s invaliditetom ,,Ludbre\u0161ko sunce&#8221;. Sjednica je odr\u017eana u ,,Ku\u0107i sunca&#8221; u Globo\u010decu pokraj Ludbrega, gdje ova udruga i djeluje. Nakon&#46;&#46;&#46;<\/p>\n","protected":false},"author":1,"featured_media":0,"comment_status":"closed","ping_status":"closed","sticky":false,"template":"","format":"standard","meta":{"ngg_post_thumbnail":0,"footnotes":""},"categories":[3],"tags":[],"_links":{"self":[{"href":"https:\/\/www.udrugamrkz.hr\/index.php?rest_route=\/wp\/v2\/posts\/625"}],"collection":[{"href":"https:\/\/www.udrugamrkz.hr\/index.php?rest_route=\/wp\/v2\/posts"}],"about":[{"href":"https:\/\/www.udrugamrkz.hr\/index.php?rest_route=\/wp\/v2\/types\/post"}],"author":[{"embeddable":true,"href":"https:\/\/www.udrugamrkz.hr\/index.php?rest_route=\/wp\/v2\/users\/1"}],"replies":[{"embeddable":true,"href":"https:\/\/www.udrugamrkz.hr\/index.php?rest_route=%2Fwp%2Fv2%2Fcomments&post=625"}],"version-history":[{"count":3,"href":"https:\/\/www.udrugamrkz.hr\/index.php?rest_route=\/wp\/v2\/posts\/625\/revisions"}],"predecessor-version":[{"id":630,"href":"https:\/\/www.udrugamrkz.hr\/index.php?rest_route=\/wp\/v2\/posts\/625\/revisions\/630"}],"wp:attachment":[{"href":"https:\/\/www.udrugamrkz.hr\/index.php?rest_route=%2Fwp%2Fv2%2Fmedia&parent=625"}],"wp:term":[{"taxonomy":"category","embeddable":true,"href":"https:\/\/www.udrugamrkz.hr\/index.php?rest_route=%2Fwp%2Fv2%2Fcategories&post=625"},{"taxonomy":"post_tag","embeddable":true,"href":"https:\/\/www.udrugamrkz.hr\/index.php?rest_route=%2Fwp%2Fv2%2Ftags&post=625"}],"curies":[{"name":"wp","href":"https:\/\/api.w.org\/{rel}","templated":true}]}}