{"id":6124,"date":"2023-09-22T08:45:48","date_gmt":"2023-09-22T07:45:48","guid":{"rendered":"https:\/\/www.udrugamrkz.hr\/?p=6124"},"modified":"2023-09-27T08:56:06","modified_gmt":"2023-09-27T07:56:06","slug":"biciklom-do-kalnika","status":"publish","type":"post","link":"https:\/\/www.udrugamrkz.hr\/?p=6124","title":{"rendered":"Biciklom do Kalnika"},"content":{"rendered":"\n<p>Povodom Europskog tjedna mobilnosti manja grupa Masla\u010daka je uz pratnju voditeljice Ivane Vukalovi\u0107 i voditelja Alena Pavli\u010deka krenula na Kalnik biciklima. U srijedu, 20. rujna, lijep i sun\u010dan dan je bio idealna prilika za vo\u017enju biciklom. Dio bicikala je bio gradski koji se ina\u010de mogu unajmiti, a u tjednu mobilnosti je kori\u0161tenje bilo besplatno, tako da smo iskoristili i tu priliku. Masla\u010dci su oprezno i hrabro odvozili cijelu rutu Kri\u017eevci-Kalnik-Kri\u017eevci. <\/p>\n\n\n\n<p>Bravo!! <\/p>\n\n\n\n<figure class=\"wp-block-image size-large is-resized\"><img loading=\"lazy\" decoding=\"async\" src=\"https:\/\/www.udrugamrkz.hr\/wp-content\/uploads\/380541023_6295584983886853_8169883945268109733_n-768x1024.jpg\" alt=\"\" class=\"wp-image-6125\" style=\"width:324px;height:432px\" width=\"324\" height=\"432\" srcset=\"https:\/\/www.udrugamrkz.hr\/wp-content\/uploads\/380541023_6295584983886853_8169883945268109733_n-768x1024.jpg 768w, https:\/\/www.udrugamrkz.hr\/wp-content\/uploads\/380541023_6295584983886853_8169883945268109733_n-225x300.jpg 225w, https:\/\/www.udrugamrkz.hr\/wp-content\/uploads\/380541023_6295584983886853_8169883945268109733_n-1152x1536.jpg 1152w, https:\/\/www.udrugamrkz.hr\/wp-content\/uploads\/380541023_6295584983886853_8169883945268109733_n.jpg 1350w\" sizes=\"(max-width: 324px) 100vw, 324px\" \/><\/figure>\n\n\n\n<figure class=\"wp-block-image size-large is-resized\"><img loading=\"lazy\" decoding=\"async\" src=\"https:\/\/www.udrugamrkz.hr\/wp-content\/uploads\/380469366_6295596737219011_4140838995631227791_n-768x1024.jpg\" alt=\"\" class=\"wp-image-6126\" style=\"width:323px;height:431px\" width=\"323\" height=\"431\" srcset=\"https:\/\/www.udrugamrkz.hr\/wp-content\/uploads\/380469366_6295596737219011_4140838995631227791_n-768x1024.jpg 768w, https:\/\/www.udrugamrkz.hr\/wp-content\/uploads\/380469366_6295596737219011_4140838995631227791_n-225x300.jpg 225w, https:\/\/www.udrugamrkz.hr\/wp-content\/uploads\/380469366_6295596737219011_4140838995631227791_n-1152x1536.jpg 1152w, https:\/\/www.udrugamrkz.hr\/wp-content\/uploads\/380469366_6295596737219011_4140838995631227791_n.jpg 1350w\" sizes=\"(max-width: 323px) 100vw, 323px\" \/><\/figure>\n\n\n\n<figure class=\"wp-block-image size-full is-resized\"><img loading=\"lazy\" decoding=\"async\" src=\"https:\/\/www.udrugamrkz.hr\/wp-content\/uploads\/378391246_6295582810553737_7170700450040916951_n.jpg\" alt=\"\" class=\"wp-image-6127\" style=\"width:518px;height:389px\" width=\"518\" height=\"389\" srcset=\"https:\/\/www.udrugamrkz.hr\/wp-content\/uploads\/378391246_6295582810553737_7170700450040916951_n.jpg 960w, https:\/\/www.udrugamrkz.hr\/wp-content\/uploads\/378391246_6295582810553737_7170700450040916951_n-300x225.jpg 300w, https:\/\/www.udrugamrkz.hr\/wp-content\/uploads\/378391246_6295582810553737_7170700450040916951_n-768x576.jpg 768w\" sizes=\"(max-width: 518px) 100vw, 518px\" \/><\/figure>\n\n\n\n<figure class=\"wp-block-image size-full is-resized\"><img loading=\"lazy\" decoding=\"async\" src=\"https:\/\/www.udrugamrkz.hr\/wp-content\/uploads\/376881622_6295583363887015_8917562925553808203_n.jpg\" alt=\"\" class=\"wp-image-6128\" style=\"width:518px;height:389px\" width=\"518\" height=\"389\" srcset=\"https:\/\/www.udrugamrkz.hr\/wp-content\/uploads\/376881622_6295583363887015_8917562925553808203_n.jpg 960w, https:\/\/www.udrugamrkz.hr\/wp-content\/uploads\/376881622_6295583363887015_8917562925553808203_n-300x225.jpg 300w, https:\/\/www.udrugamrkz.hr\/wp-content\/uploads\/376881622_6295583363887015_8917562925553808203_n-768x576.jpg 768w\" sizes=\"(max-width: 518px) 100vw, 518px\" \/><\/figure>\n\n\n\n<figure class=\"wp-block-image size-full is-resized\"><img loading=\"lazy\" decoding=\"async\" src=\"https:\/\/www.udrugamrkz.hr\/wp-content\/uploads\/376812430_6295583707220314_2320352461851889874_n.jpg\" alt=\"\" class=\"wp-image-6129\" style=\"width:522px;height:392px\" width=\"522\" height=\"392\" srcset=\"https:\/\/www.udrugamrkz.hr\/wp-content\/uploads\/376812430_6295583707220314_2320352461851889874_n.jpg 960w, https:\/\/www.udrugamrkz.hr\/wp-content\/uploads\/376812430_6295583707220314_2320352461851889874_n-300x225.jpg 300w, https:\/\/www.udrugamrkz.hr\/wp-content\/uploads\/376812430_6295583707220314_2320352461851889874_n-768x576.jpg 768w\" sizes=\"(max-width: 522px) 100vw, 522px\" \/><\/figure>\n\n\n\n<figure class=\"wp-block-image size-full is-resized\"><img loading=\"lazy\" decoding=\"async\" src=\"https:\/\/www.udrugamrkz.hr\/wp-content\/uploads\/376871398_6295582950553723_3585928794990881793_n.jpg\" alt=\"\" class=\"wp-image-6130\" style=\"width:365px;height:487px\" width=\"365\" height=\"487\" srcset=\"https:\/\/www.udrugamrkz.hr\/wp-content\/uploads\/376871398_6295582950553723_3585928794990881793_n.jpg 720w, https:\/\/www.udrugamrkz.hr\/wp-content\/uploads\/376871398_6295582950553723_3585928794990881793_n-225x300.jpg 225w\" sizes=\"(max-width: 365px) 100vw, 365px\" \/><\/figure>\n\n\n\n<figure class=\"wp-block-image size-full is-resized\"><img loading=\"lazy\" decoding=\"async\" src=\"https:\/\/www.udrugamrkz.hr\/wp-content\/uploads\/376731742_6295584643886887_1047538463175499049_n.jpg\" alt=\"\" class=\"wp-image-6131\" style=\"width:368px;height:491px\" width=\"368\" height=\"491\" srcset=\"https:\/\/www.udrugamrkz.hr\/wp-content\/uploads\/376731742_6295584643886887_1047538463175499049_n.jpg 720w, https:\/\/www.udrugamrkz.hr\/wp-content\/uploads\/376731742_6295584643886887_1047538463175499049_n-225x300.jpg 225w\" sizes=\"(max-width: 368px) 100vw, 368px\" \/><\/figure>\n","protected":false},"excerpt":{"rendered":"<p>Povodom Europskog tjedna mobilnosti manja grupa Masla\u010daka je uz pratnju voditeljice Ivane Vukalovi\u0107 i voditelja Alena Pavli\u010deka krenula na Kalnik biciklima. U srijedu, 20. rujna, lijep i sun\u010dan dan je bio idealna prilika za&#46;&#46;&#46;<\/p>\n","protected":false},"author":1,"featured_media":6127,"comment_status":"closed","ping_status":"closed","sticky":false,"template":"","format":"standard","meta":{"ngg_post_thumbnail":0,"footnotes":""},"categories":[1],"tags":[],"_links":{"self":[{"href":"https:\/\/www.udrugamrkz.hr\/index.php?rest_route=\/wp\/v2\/posts\/6124"}],"collection":[{"href":"https:\/\/www.udrugamrkz.hr\/index.php?rest_route=\/wp\/v2\/posts"}],"about":[{"href":"https:\/\/www.udrugamrkz.hr\/index.php?rest_route=\/wp\/v2\/types\/post"}],"author":[{"embeddable":true,"href":"https:\/\/www.udrugamrkz.hr\/index.php?rest_route=\/wp\/v2\/users\/1"}],"replies":[{"embeddable":true,"href":"https:\/\/www.udrugamrkz.hr\/index.php?rest_route=%2Fwp%2Fv2%2Fcomments&post=6124"}],"version-history":[{"count":1,"href":"https:\/\/www.udrugamrkz.hr\/index.php?rest_route=\/wp\/v2\/posts\/6124\/revisions"}],"predecessor-version":[{"id":6132,"href":"https:\/\/www.udrugamrkz.hr\/index.php?rest_route=\/wp\/v2\/posts\/6124\/revisions\/6132"}],"wp:featuredmedia":[{"embeddable":true,"href":"https:\/\/www.udrugamrkz.hr\/index.php?rest_route=\/wp\/v2\/media\/6127"}],"wp:attachment":[{"href":"https:\/\/www.udrugamrkz.hr\/index.php?rest_route=%2Fwp%2Fv2%2Fmedia&parent=6124"}],"wp:term":[{"taxonomy":"category","embeddable":true,"href":"https:\/\/www.udrugamrkz.hr\/index.php?rest_route=%2Fwp%2Fv2%2Fcategories&post=6124"},{"taxonomy":"post_tag","embeddable":true,"href":"https:\/\/www.udrugamrkz.hr\/index.php?rest_route=%2Fwp%2Fv2%2Ftags&post=6124"}],"curies":[{"name":"wp","href":"https:\/\/api.w.org\/{rel}","templated":true}]}}