{"id":568,"date":"2011-04-27T16:49:42","date_gmt":"2011-04-27T15:49:42","guid":{"rendered":"http:\/\/www.udrugamrkz.hr\/?p=568"},"modified":"2011-04-29T16:50:34","modified_gmt":"2011-04-29T15:50:34","slug":"priznanje","status":"publish","type":"post","link":"https:\/\/www.udrugamrkz.hr\/?p=568","title":{"rendered":"Priznanje"},"content":{"rendered":"<p>Na sve\u010danoj sjednici Gradskog vije\u0107a povodom Dana Grada gospo\u0111i Mariji Prodan, dugogodi\u0161njoj \u010dlanici i jednoj od osniva\u010da na\u0161e Udruge dodijeljeno je priznanje.<\/p>\n","protected":false},"excerpt":{"rendered":"<p>Na sve\u010danoj sjednici Gradskog vije\u0107a povodom Dana Grada gospo\u0111i Mariji Prodan, dugogodi\u0161njoj \u010dlanici i jednoj od osniva\u010da na\u0161e Udruge dodijeljeno je priznanje.<\/p>\n","protected":false},"author":1,"featured_media":0,"comment_status":"closed","ping_status":"closed","sticky":false,"template":"","format":"standard","meta":{"ngg_post_thumbnail":0,"footnotes":""},"categories":[1],"tags":[],"_links":{"self":[{"href":"https:\/\/www.udrugamrkz.hr\/index.php?rest_route=\/wp\/v2\/posts\/568"}],"collection":[{"href":"https:\/\/www.udrugamrkz.hr\/index.php?rest_route=\/wp\/v2\/posts"}],"about":[{"href":"https:\/\/www.udrugamrkz.hr\/index.php?rest_route=\/wp\/v2\/types\/post"}],"author":[{"embeddable":true,"href":"https:\/\/www.udrugamrkz.hr\/index.php?rest_route=\/wp\/v2\/users\/1"}],"replies":[{"embeddable":true,"href":"https:\/\/www.udrugamrkz.hr\/index.php?rest_route=%2Fwp%2Fv2%2Fcomments&post=568"}],"version-history":[{"count":1,"href":"https:\/\/www.udrugamrkz.hr\/index.php?rest_route=\/wp\/v2\/posts\/568\/revisions"}],"predecessor-version":[{"id":569,"href":"https:\/\/www.udrugamrkz.hr\/index.php?rest_route=\/wp\/v2\/posts\/568\/revisions\/569"}],"wp:attachment":[{"href":"https:\/\/www.udrugamrkz.hr\/index.php?rest_route=%2Fwp%2Fv2%2Fmedia&parent=568"}],"wp:term":[{"taxonomy":"category","embeddable":true,"href":"https:\/\/www.udrugamrkz.hr\/index.php?rest_route=%2Fwp%2Fv2%2Fcategories&post=568"},{"taxonomy":"post_tag","embeddable":true,"href":"https:\/\/www.udrugamrkz.hr\/index.php?rest_route=%2Fwp%2Fv2%2Ftags&post=568"}],"curies":[{"name":"wp","href":"https:\/\/api.w.org\/{rel}","templated":true}]}}