{"id":5558,"date":"2022-11-30T13:23:18","date_gmt":"2022-11-30T12:23:18","guid":{"rendered":"https:\/\/www.udrugamrkz.hr\/?p=5558"},"modified":"2022-11-30T13:23:18","modified_gmt":"2022-11-30T12:23:18","slug":"odrzana-zavrsna-konferencija-eu-projekta-budimo-ruka-podrske","status":"publish","type":"post","link":"https:\/\/www.udrugamrkz.hr\/?p=5558","title":{"rendered":"Odr\u017eana zavr\u0161na konferencija EU projekta &#8220;Budimo ruka podr\u0161ke&#8221;"},"content":{"rendered":"\n<p>U ponedjeljak, 28. studenog u prostorima Gradske knji\u017enice &#8220;Franjo Markovi\u0107&#8221; Kri\u017eevci odr\u017eana je zavr\u0161na konferencija projekta \u201cBudimo ruka podr\u0161ke\u201d. Rije\u010d je o prvom EU projektu, ujedno i najve\u0107em do sada, koji je Udruga \u201cMasla\u010dak\u201d Kri\u017eevci provela kao nositelj projekta. Na projektu su kao projektni partneri sudjelovale Udruga osoba s intelektualnim te\u0161ko\u0107ama i njihovih obitelji \u201cMali princ\u201d \u0110ur\u0111evac i Udruga osoba s intelektualnim te\u0161ko\u0107ama Bjelovar, dok je projektni suradnik bio Centar za mlade Kri\u017eevci.                                                                                                                                Predsjednica Udruge &#8220;Masla\u010dak&#8221; Kri\u017eevci, Tamara Premu\u0161, zahvalila je svima na dolasku i otvorila zavr\u0161nu konferenciju projekta \u201cBudimo ruka podr\u0161ke\u201d, a Danijela Bo\u010dkaj, voditeljica projekta predstavila je rezultate te dodala je kako su svi iz udruge jako ponosni jer su uspjeli realizirati svoj prvi EU projekt.                                                                                                                                                                      Op\u0107i cilj projekta je bio doprinos ja\u010danju i razvoju kapaciteta OCD-a te suradnju u lokalnoj zajednici, dok su specifi\u010dni ciljevi bili osposobljavanje predstavnika OCD-a za prikupljanje sredstava, osna\u017eenje zaposlenika i volontera za razvoj socijalnih usluga u zajednici i pru\u017eanje u\u010dinkovitih odgovora u kriznim situacijama te osvije\u0161tenje lokalne zajednice o va\u017enosti OCD-a i uslugama koje one pru\u017eaju, osobito u kriznim situacijama. Iz udruge poru\u010duju kako su svi ciljevi uspje\u0161no ispunjeni.                                                                                                                                                                                  U sklopu projekta su provedene i brojne radionice na teme usvajanja znanja na podru\u010dju financijskog upravljanja i zakonodavnih okvira, usvajanje znanja zaposlenika i volontera na podru\u010dju zapo\u0161ljavanja i socijalnog uklju\u010divanja, poticanje volonterstva u lokalnoj zajednici i unapre\u0111enje javne svijesti i zagovaranje i rje\u0161avanja potreba ranjivih skupina.                                                  Rije\u010di zahvale na uspje\u0161noj suradnji uputile su predstavnice partnerskih organizacija, a ispred Koprivni\u010dko-kri\u017eeva\u010dke \u017eupanije prisustvovala je pro\u010delnica Upravnog odjela za zdravstveno-socijalne djelatnosti Maja Bla\u017eek koja je \u010destitala na projektu te istaknula kako \u0107e \u017dupanija i dalje podr\u017eavati rad Udruge &#8220;Masla\u010dak&#8221; Kri\u017eevci.                                                                                                                      Na konferenciji je prisustvovala i ravnateljica Gradske knji\u017enice &#8220;Franjo Markovi\u0107&#8221; Kri\u017eevci Marjana Jane\u0161-\u017dulj koja je pohvalila suradnju knji\u017enice i Udruge, dok je \u00a0Ana Ivan\u010dan, suradnica na ovom projektu, pohvalila suradnju triju gradova, Kri\u017eevaca, Bjelovara i \u0110ur\u0111evca na ovom projektu. zavr\u0161noj konferenciji su prisustvovali i predstavnici gradskih institucija, udruga, \u010dlanovi Udruge i mediji.\u00a0<\/p>\n\n\n\n<p>Ukupna vrijednost projekta je 413.397,82 HRK, a sufinanciran je sredstvima Europske unija iz Europskog socijalnog fonda u sklopu programa 2014-2020 u iznosu 351.388,15 HRK te sredstvima Ureda za udruge Vlade Republike Hrvatske.<\/p>\n\n\n\n<p>Sadr\u017eaj teksta\/objave isklju\u010diva je odgovornost Udruge \u201eMasla\u010dak\u201c Kri\u017eevci.<\/p>\n\n\n\n<figure class=\"wp-block-image size-large is-resized\"><img loading=\"lazy\" decoding=\"async\" src=\"https:\/\/www.udrugamrkz.hr\/wp-content\/uploads\/316725549_1312106292942020_5314183130047142888_n.jpg\" alt=\"\" class=\"wp-image-5559\" width=\"561\" height=\"421\" srcset=\"https:\/\/www.udrugamrkz.hr\/wp-content\/uploads\/316725549_1312106292942020_5314183130047142888_n.jpg 800w, https:\/\/www.udrugamrkz.hr\/wp-content\/uploads\/316725549_1312106292942020_5314183130047142888_n-300x225.jpg 300w, https:\/\/www.udrugamrkz.hr\/wp-content\/uploads\/316725549_1312106292942020_5314183130047142888_n-768x576.jpg 768w\" sizes=\"(max-width: 561px) 100vw, 561px\" \/><\/figure>\n\n\n\n<figure class=\"wp-block-image size-large is-resized\"><img loading=\"lazy\" decoding=\"async\" src=\"https:\/\/www.udrugamrkz.hr\/wp-content\/uploads\/316846518_663651725201317_3508225699804717579_n.jpg\" alt=\"\" class=\"wp-image-5560\" width=\"564\" height=\"423\" srcset=\"https:\/\/www.udrugamrkz.hr\/wp-content\/uploads\/316846518_663651725201317_3508225699804717579_n.jpg 800w, https:\/\/www.udrugamrkz.hr\/wp-content\/uploads\/316846518_663651725201317_3508225699804717579_n-300x225.jpg 300w, https:\/\/www.udrugamrkz.hr\/wp-content\/uploads\/316846518_663651725201317_3508225699804717579_n-768x576.jpg 768w\" sizes=\"(max-width: 564px) 100vw, 564px\" \/><\/figure>\n\n\n\n<figure class=\"wp-block-image size-large is-resized\"><img loading=\"lazy\" decoding=\"async\" src=\"https:\/\/www.udrugamrkz.hr\/wp-content\/uploads\/317389687_2763692717098374_3562054255484433439_n.jpg\" alt=\"\" class=\"wp-image-5561\" width=\"563\" height=\"422\" srcset=\"https:\/\/www.udrugamrkz.hr\/wp-content\/uploads\/317389687_2763692717098374_3562054255484433439_n.jpg 800w, https:\/\/www.udrugamrkz.hr\/wp-content\/uploads\/317389687_2763692717098374_3562054255484433439_n-300x225.jpg 300w, https:\/\/www.udrugamrkz.hr\/wp-content\/uploads\/317389687_2763692717098374_3562054255484433439_n-768x576.jpg 768w\" sizes=\"(max-width: 563px) 100vw, 563px\" \/><\/figure>\n\n\n\n<figure class=\"wp-block-image size-large is-resized\"><img loading=\"lazy\" decoding=\"async\" src=\"https:\/\/www.udrugamrkz.hr\/wp-content\/uploads\/316725549_833894684583705_1652333697189370519_n.jpg\" alt=\"\" class=\"wp-image-5562\" width=\"561\" height=\"421\" srcset=\"https:\/\/www.udrugamrkz.hr\/wp-content\/uploads\/316725549_833894684583705_1652333697189370519_n.jpg 800w, https:\/\/www.udrugamrkz.hr\/wp-content\/uploads\/316725549_833894684583705_1652333697189370519_n-300x225.jpg 300w, https:\/\/www.udrugamrkz.hr\/wp-content\/uploads\/316725549_833894684583705_1652333697189370519_n-768x576.jpg 768w\" sizes=\"(max-width: 561px) 100vw, 561px\" \/><\/figure>\n\n\n\n<figure class=\"wp-block-image size-large is-resized\"><img loading=\"lazy\" decoding=\"async\" src=\"https:\/\/www.udrugamrkz.hr\/wp-content\/uploads\/316698089_534167998559196_8035429794690216587_n.jpg\" alt=\"\" class=\"wp-image-5563\" width=\"379\" height=\"505\" srcset=\"https:\/\/www.udrugamrkz.hr\/wp-content\/uploads\/316698089_534167998559196_8035429794690216587_n.jpg 600w, https:\/\/www.udrugamrkz.hr\/wp-content\/uploads\/316698089_534167998559196_8035429794690216587_n-225x300.jpg 225w\" sizes=\"(max-width: 379px) 100vw, 379px\" \/><\/figure>\n\n\n\n<figure class=\"wp-block-image size-large is-resized\"><img loading=\"lazy\" decoding=\"async\" src=\"https:\/\/www.udrugamrkz.hr\/wp-content\/uploads\/logo-organizacija-i-projekta-6-1024x221.jpg\" alt=\"\" class=\"wp-image-5524\" width=\"498\" height=\"106\" srcset=\"https:\/\/www.udrugamrkz.hr\/wp-content\/uploads\/logo-organizacija-i-projekta-6-1024x221.jpg 1024w, https:\/\/www.udrugamrkz.hr\/wp-content\/uploads\/logo-organizacija-i-projekta-6-300x65.jpg 300w, https:\/\/www.udrugamrkz.hr\/wp-content\/uploads\/logo-organizacija-i-projekta-6-768x165.jpg 768w, https:\/\/www.udrugamrkz.hr\/wp-content\/uploads\/logo-organizacija-i-projekta-6-1536x331.jpg 1536w, https:\/\/www.udrugamrkz.hr\/wp-content\/uploads\/logo-organizacija-i-projekta-6.jpg 1861w\" sizes=\"(max-width: 498px) 100vw, 498px\" \/><\/figure>\n\n\n\n<figure class=\"wp-block-image size-large\"><img loading=\"lazy\" decoding=\"async\" width=\"1024\" height=\"220\" src=\"https:\/\/www.udrugamrkz.hr\/wp-content\/uploads\/logo-EU-Nacionalne-i-Ureda-za-udruge-5-1024x220.jpg\" alt=\"\" class=\"wp-image-5523\" srcset=\"https:\/\/www.udrugamrkz.hr\/wp-content\/uploads\/logo-EU-Nacionalne-i-Ureda-za-udruge-5-1024x220.jpg 1024w, https:\/\/www.udrugamrkz.hr\/wp-content\/uploads\/logo-EU-Nacionalne-i-Ureda-za-udruge-5-300x64.jpg 300w, https:\/\/www.udrugamrkz.hr\/wp-content\/uploads\/logo-EU-Nacionalne-i-Ureda-za-udruge-5-768x165.jpg 768w, https:\/\/www.udrugamrkz.hr\/wp-content\/uploads\/logo-EU-Nacionalne-i-Ureda-za-udruge-5-1536x330.jpg 1536w, https:\/\/www.udrugamrkz.hr\/wp-content\/uploads\/logo-EU-Nacionalne-i-Ureda-za-udruge-5-2048x440.jpg 2048w\" sizes=\"(max-width: 1024px) 100vw, 1024px\" \/><\/figure>\n","protected":false},"excerpt":{"rendered":"<p>U ponedjeljak, 28. studenog u prostorima Gradske knji\u017enice &#8220;Franjo Markovi\u0107&#8221; Kri\u017eevci odr\u017eana je zavr\u0161na konferencija projekta \u201cBudimo ruka podr\u0161ke\u201d. Rije\u010d je o prvom EU projektu, ujedno i najve\u0107em do sada, koji je Udruga \u201cMasla\u010dak\u201d&#46;&#46;&#46;<\/p>\n","protected":false},"author":1,"featured_media":5559,"comment_status":"closed","ping_status":"closed","sticky":false,"template":"","format":"standard","meta":{"ngg_post_thumbnail":0,"footnotes":""},"categories":[1,9],"tags":[],"_links":{"self":[{"href":"https:\/\/www.udrugamrkz.hr\/index.php?rest_route=\/wp\/v2\/posts\/5558"}],"collection":[{"href":"https:\/\/www.udrugamrkz.hr\/index.php?rest_route=\/wp\/v2\/posts"}],"about":[{"href":"https:\/\/www.udrugamrkz.hr\/index.php?rest_route=\/wp\/v2\/types\/post"}],"author":[{"embeddable":true,"href":"https:\/\/www.udrugamrkz.hr\/index.php?rest_route=\/wp\/v2\/users\/1"}],"replies":[{"embeddable":true,"href":"https:\/\/www.udrugamrkz.hr\/index.php?rest_route=%2Fwp%2Fv2%2Fcomments&post=5558"}],"version-history":[{"count":1,"href":"https:\/\/www.udrugamrkz.hr\/index.php?rest_route=\/wp\/v2\/posts\/5558\/revisions"}],"predecessor-version":[{"id":5564,"href":"https:\/\/www.udrugamrkz.hr\/index.php?rest_route=\/wp\/v2\/posts\/5558\/revisions\/5564"}],"wp:featuredmedia":[{"embeddable":true,"href":"https:\/\/www.udrugamrkz.hr\/index.php?rest_route=\/wp\/v2\/media\/5559"}],"wp:attachment":[{"href":"https:\/\/www.udrugamrkz.hr\/index.php?rest_route=%2Fwp%2Fv2%2Fmedia&parent=5558"}],"wp:term":[{"taxonomy":"category","embeddable":true,"href":"https:\/\/www.udrugamrkz.hr\/index.php?rest_route=%2Fwp%2Fv2%2Fcategories&post=5558"},{"taxonomy":"post_tag","embeddable":true,"href":"https:\/\/www.udrugamrkz.hr\/index.php?rest_route=%2Fwp%2Fv2%2Ftags&post=5558"}],"curies":[{"name":"wp","href":"https:\/\/api.w.org\/{rel}","templated":true}]}}