{"id":531,"date":"2011-03-12T09:14:10","date_gmt":"2011-03-12T08:14:10","guid":{"rendered":"http:\/\/www.udrugamrkz.hr\/?p=531"},"modified":"2011-03-21T09:14:56","modified_gmt":"2011-03-21T08:14:56","slug":"skupstina-udruge-invalida-krizevci-2","status":"publish","type":"post","link":"https:\/\/www.udrugamrkz.hr\/?p=531","title":{"rendered":"Skup\u0161tina Udruge invalida Kri\u017eevci"},"content":{"rendered":"<p>Voditeljica Kluba &#8220;Masla\u010dak&#8221;, \u010dlanica te predsjednica Udruge sudjelovale su na godi\u0161njoj Skup\u0161tini Udruge invalida Kri\u017eevci. Skup\u0161tina je odr\u017eana u hotelu &#8220;Kalnik&#8221; Kri\u017eevci u poslijepodnevnim satima.<\/p>\n","protected":false},"excerpt":{"rendered":"<p>Voditeljica Kluba &#8220;Masla\u010dak&#8221;, \u010dlanica te predsjednica Udruge sudjelovale su na godi\u0161njoj Skup\u0161tini Udruge invalida Kri\u017eevci. Skup\u0161tina je odr\u017eana u hotelu &#8220;Kalnik&#8221; Kri\u017eevci u poslijepodnevnim satima.<\/p>\n","protected":false},"author":1,"featured_media":0,"comment_status":"closed","ping_status":"closed","sticky":false,"template":"","format":"standard","meta":{"ngg_post_thumbnail":0,"footnotes":""},"categories":[3],"tags":[],"_links":{"self":[{"href":"https:\/\/www.udrugamrkz.hr\/index.php?rest_route=\/wp\/v2\/posts\/531"}],"collection":[{"href":"https:\/\/www.udrugamrkz.hr\/index.php?rest_route=\/wp\/v2\/posts"}],"about":[{"href":"https:\/\/www.udrugamrkz.hr\/index.php?rest_route=\/wp\/v2\/types\/post"}],"author":[{"embeddable":true,"href":"https:\/\/www.udrugamrkz.hr\/index.php?rest_route=\/wp\/v2\/users\/1"}],"replies":[{"embeddable":true,"href":"https:\/\/www.udrugamrkz.hr\/index.php?rest_route=%2Fwp%2Fv2%2Fcomments&post=531"}],"version-history":[{"count":1,"href":"https:\/\/www.udrugamrkz.hr\/index.php?rest_route=\/wp\/v2\/posts\/531\/revisions"}],"predecessor-version":[{"id":532,"href":"https:\/\/www.udrugamrkz.hr\/index.php?rest_route=\/wp\/v2\/posts\/531\/revisions\/532"}],"wp:attachment":[{"href":"https:\/\/www.udrugamrkz.hr\/index.php?rest_route=%2Fwp%2Fv2%2Fmedia&parent=531"}],"wp:term":[{"taxonomy":"category","embeddable":true,"href":"https:\/\/www.udrugamrkz.hr\/index.php?rest_route=%2Fwp%2Fv2%2Fcategories&post=531"},{"taxonomy":"post_tag","embeddable":true,"href":"https:\/\/www.udrugamrkz.hr\/index.php?rest_route=%2Fwp%2Fv2%2Ftags&post=531"}],"curies":[{"name":"wp","href":"https:\/\/api.w.org\/{rel}","templated":true}]}}