{"id":4907,"date":"2021-11-18T07:43:00","date_gmt":"2021-11-18T06:43:00","guid":{"rendered":"https:\/\/www.udrugamrkz.hr\/?p=4907"},"modified":"2021-12-29T07:45:49","modified_gmt":"2021-12-29T06:45:49","slug":"pocast-zrtvama-domovinskog-rata","status":"publish","type":"post","link":"https:\/\/www.udrugamrkz.hr\/?p=4907","title":{"rendered":"Po\u010dast \u017ertvama Domovinskog rata"},"content":{"rendered":"\n<p>Odali smo po\u010dast \u017ertvama Domovinskog rata. <img loading=\"lazy\" decoding=\"async\" height=\"16\" width=\"16\" alt=\"&#x1f56f;\" src=\"https:\/\/static.xx.fbcdn.net\/images\/emoji.php\/v9\/td6\/1.5\/16\/1f56f.png\"\/> Odali smo po\u010dast Vukovaru. <img loading=\"lazy\" decoding=\"async\" height=\"16\" width=\"16\" alt=\"&#x1f56f;\" src=\"https:\/\/static.xx.fbcdn.net\/images\/emoji.php\/v9\/td6\/1.5\/16\/1f56f.png\"\/> Odali smo po\u010dast \u0160kabrnji. <img loading=\"lazy\" decoding=\"async\" height=\"16\" width=\"16\" alt=\"&#x1f56f;\" src=\"https:\/\/static.xx.fbcdn.net\/images\/emoji.php\/v9\/td6\/1.5\/16\/1f56f.png\"\/><\/p>\n\n\n\n<figure class=\"wp-block-image size-large is-resized\"><img loading=\"lazy\" decoding=\"async\" src=\"https:\/\/www.udrugamrkz.hr\/wp-content\/uploads\/259194347_4237733763005329_2377987788281997747_n-1024x766.jpg\" alt=\"\" class=\"wp-image-4908\" width=\"578\" height=\"432\" srcset=\"https:\/\/www.udrugamrkz.hr\/wp-content\/uploads\/259194347_4237733763005329_2377987788281997747_n-1024x766.jpg 1024w, https:\/\/www.udrugamrkz.hr\/wp-content\/uploads\/259194347_4237733763005329_2377987788281997747_n-300x224.jpg 300w, https:\/\/www.udrugamrkz.hr\/wp-content\/uploads\/259194347_4237733763005329_2377987788281997747_n-768x575.jpg 768w, https:\/\/www.udrugamrkz.hr\/wp-content\/uploads\/259194347_4237733763005329_2377987788281997747_n-1536x1149.jpg 1536w, https:\/\/www.udrugamrkz.hr\/wp-content\/uploads\/259194347_4237733763005329_2377987788281997747_n.jpg 1600w\" sizes=\"(max-width: 578px) 100vw, 578px\" \/><\/figure>\n","protected":false},"excerpt":{"rendered":"<p>Odali smo po\u010dast \u017ertvama Domovinskog rata. Odali smo po\u010dast Vukovaru. Odali smo po\u010dast \u0160kabrnji.<\/p>\n","protected":false},"author":1,"featured_media":4908,"comment_status":"closed","ping_status":"closed","sticky":false,"template":"","format":"standard","meta":{"ngg_post_thumbnail":0,"footnotes":""},"categories":[1],"tags":[],"_links":{"self":[{"href":"https:\/\/www.udrugamrkz.hr\/index.php?rest_route=\/wp\/v2\/posts\/4907"}],"collection":[{"href":"https:\/\/www.udrugamrkz.hr\/index.php?rest_route=\/wp\/v2\/posts"}],"about":[{"href":"https:\/\/www.udrugamrkz.hr\/index.php?rest_route=\/wp\/v2\/types\/post"}],"author":[{"embeddable":true,"href":"https:\/\/www.udrugamrkz.hr\/index.php?rest_route=\/wp\/v2\/users\/1"}],"replies":[{"embeddable":true,"href":"https:\/\/www.udrugamrkz.hr\/index.php?rest_route=%2Fwp%2Fv2%2Fcomments&post=4907"}],"version-history":[{"count":1,"href":"https:\/\/www.udrugamrkz.hr\/index.php?rest_route=\/wp\/v2\/posts\/4907\/revisions"}],"predecessor-version":[{"id":4909,"href":"https:\/\/www.udrugamrkz.hr\/index.php?rest_route=\/wp\/v2\/posts\/4907\/revisions\/4909"}],"wp:featuredmedia":[{"embeddable":true,"href":"https:\/\/www.udrugamrkz.hr\/index.php?rest_route=\/wp\/v2\/media\/4908"}],"wp:attachment":[{"href":"https:\/\/www.udrugamrkz.hr\/index.php?rest_route=%2Fwp%2Fv2%2Fmedia&parent=4907"}],"wp:term":[{"taxonomy":"category","embeddable":true,"href":"https:\/\/www.udrugamrkz.hr\/index.php?rest_route=%2Fwp%2Fv2%2Fcategories&post=4907"},{"taxonomy":"post_tag","embeddable":true,"href":"https:\/\/www.udrugamrkz.hr\/index.php?rest_route=%2Fwp%2Fv2%2Ftags&post=4907"}],"curies":[{"name":"wp","href":"https:\/\/api.w.org\/{rel}","templated":true}]}}