{"id":4331,"date":"2020-09-30T06:13:00","date_gmt":"2020-09-30T05:13:00","guid":{"rendered":"https:\/\/www.udrugamrkz.hr\/?p=4331"},"modified":"2020-10-22T06:20:48","modified_gmt":"2020-10-22T05:20:48","slug":"30-godina-djelovanja-udruge","status":"publish","type":"post","link":"https:\/\/www.udrugamrkz.hr\/?p=4331","title":{"rendered":"30 godina djelovanja Udruge"},"content":{"rendered":"\n<p>Kratak pregled 30 godina djelovanja Udruge \u201eMasla\u010dak\u201c Kri\u017eevci- rije\u010d roditelja Nade\u00a0 Domitrovi\u0107\u00a0 koja volontira u\u00a0 Udruzi (prija\u0161nje Dru\u0161tvo) punih 30 godina.<\/p>\n\n\n\n<p>U Osnovnoj \u0161koli \u201cVladimir Nazor\u201c Kri\u017eevci otvoren je Odjel za djecu s posebnim potrebama pod nazivom Odjeljenje posebnog programa. Voditeljica je bila prof. defektolog Marija Mubrin. Budu\u0107i da je nedostajalo puno toga za rad s djecom s posebnim potrebama, poput didakti\u010dkog materijala ali i drugi oblici pomo\u0107i u radu &nbsp;<strong>za odrasle osobe nakon 21 godine \u017eivota koje su zavr\u0161ile osnovno <\/strong>obrazovanje bilo je potrebno okupljanje radi dru\u017eenja, da ne ostaju doma izolirani.&nbsp; To je bio&nbsp; razlog&nbsp; da se pokrene osnivanje Dru\u0161tva za pomo\u0107 osobama s mentalnom retardacijom Kri\u017eevci. Inicijator je bila prof. Marija Prodan uz tim stru\u010dnjaka i roditelja Nadu Domitrovi\u0107. Prva akcija je bila aukcija slika &nbsp;uz prigodan program u maloj dvorani na katu Hrvatskog doma. Dru\u0161tvo je registrirano krajem 1990. god. na adresi O.\u0160. \u201cVladimir Nazor\u201c Kri\u017eevci Bana Josipa Jela\u010di\u0107a 23 <strong>. Prva predsjednica Dru\u0161tva za pomo\u0107 osobama s mentalnom retardacijom Kri\u017eevci bila je prof.<\/strong> <strong>Marija Prodan, a&nbsp; prva tajnica roditelj Nada Domitrovi\u0107. Druga predsjednica&nbsp; Dru\u0161tva bila je roditelj Nada Domitrovi\u0107, tajnica defektolog Kristina Kranj\u010devi\u0107. Tre\u0107a predsjednica Dru\u0161tva bila je roditelj&nbsp; Jasenka Kokor, tajnica&nbsp;&nbsp; Kristina Kranj\u010devi\u0107. \u010cetvrta predsjednica od 2004. god. do danas, (ponovo je birana) je roditelj Tamara Premu\u0161, tajnica Zvjezdana Babi\u0107 . Sada\u0161nja tajnica&nbsp; je roditelj, Maja Golub.<\/strong><\/p>\n\n\n\n<p>Dugi niz godina \u010dlanovi <strong>Upravnog odbora <\/strong>&nbsp;Dru\u0161tva (Udruge) bili su &nbsp;roditelji, udomitelji, &nbsp;stru\u010dnjaci, predstavnici Centra za socijalni rad (skrb) Kri\u017eevci, vodstva grada Kri\u017eevaca, Doma zdravlja.<strong>&nbsp;&nbsp;&nbsp;&nbsp;&nbsp;<\/strong><\/p>\n\n\n\n<p>&nbsp;&nbsp; 1996. godine za prigodna okupljanja, ples, dru\u017eenja, proslave ro\u0111endana otvoren je Klub u okviru Dru\u0161tva za pomo\u0107 osobama s mentalnom retardacijom za odrasle osobe s mentalnom retardacijom iznad 21 god. koje su zavr\u0161ile osnovno obrazovanje . Voditeljica Kluba bila je&nbsp; defektolog &nbsp;Ana Ivan\u010dan. U podrumu O.\u0160. \u201cVladimir Nazor Kri\u017eevci, jednu smo prostoriju&nbsp; uredili&nbsp; i opremili&nbsp; za Klub. <strong>Tada\u0161nji ravnatelj O.\u0160.\u201cV.Nazor\u201c Ivan Novosel&nbsp; nakon Odluke \u0161kolskog odbora omogu\u0107io nam je besplatno kori\u0161tenje \u0161kolskog prostora jer smo pomagali u\u010denicima Odjeljenja posebnog programa. U okviru Kluba djeluje \u0161portsi klub, voditeljica Ana Ivan\u010dan. Sportske <\/strong>aktivnosti koje su se odvijale u \u0161portskom Klubu, atletika, plivanje, kuglanje, hipoterapija-jahanje, sa naglaskom da se&nbsp; vi\u0161e aktiviraju djeca koja nisu nigdje obuhva\u0107ena. Putovalo se na brojna natjecanja, osvojene su brojne medalje.<\/p>\n\n\n\n<p>&nbsp;U podrumskoj prostoriji (opremljenoj) instalirana je prva &nbsp;kerami\u010dka pe\u0107 za rad sa glinom. Prostorija je bila namijenjena za aktivnosti, radionice, dru\u017eenja, proslave ro\u0111endana. Prikupljanja su nov\u010dana sredstva putem raznih akcija, donacija za rad u Klubu koja su&nbsp; omogu\u0107ila sportska natjecanja odraslim osobama kao i polaznicima Odjeljenja posebnog programa. Ujedno je tada\u0161nje Dru\u0161tvo kupilo trenirke i svu opremu koja je trebala za natjecatelja.<\/p>\n\n\n\n<p>\u00a0Prostor za daljnji rad Kluba\u00a0 dao\u00a0 je na kori\u0161tenje grad Kri\u017eevci, gradona\u010delnik Branko Hrg. Klub seli iz O.\u0160.\u201cV.Nazor\u201c Kri\u017eevci u podrumske \u00a0<strong>prostorije Visokog\u00a0 gospodarskog u\u010dili\u0161ta\u00a0 u Kri\u017eevcima koje je \u00a0zastupano po dekanu prof.dr.sc. Ljudevitu Pla\u010dku. Prostor se ustupa bez naknade kao potpora radu i aktivnostima Udruge kori\u0161tenje.<\/strong> <strong>Ure\u0111enje cjelokupnog prostora za daljnji rad donirala je Jasenka Kokor, roditelj. Ugovor je potpisan 22. srpnja 2002. god.<\/strong> Klub nakon preseljenja Udruge \u00a0po\u010dinje djelovati u novoj Podru\u010dnoj \u0161koli za djecu s posebnim potrebama pri O.\u0160.\u201cV.Nazor\u201c Kri\u017eevci, u prizemlju. Druga voditeljica Kluba <\/p>\n\n\n\n<p>\u201eMasla\u010dak\u201c od 2002. god. bila je defektolog_Mihaela Jelen\u010di\u0107 (Brki\u0107). Tre\u0107a voditeljica je bila Martina Je\u010dmenjak (medicinska sestra), \u010detvrta voditeljica je roditelj Nada Domitrovi\u0107 te du\u017enost obavlja i sad.<\/p>\n\n\n\n<p>Dru\u0161tvo za pomo\u0107 osobama s mentalnom retardacijom Kri\u017eevci je <strong>preregistrirano u Udrugu za pomo\u0107 osobama s mentalnom retardacijom<\/strong> <strong>Kri\u017eevci 11.12.1997.<\/strong> godine. Budu\u0107i da je potreba za zbrinjavanjem osobama s posebnim potrebama bila sve ve\u0107a, bilo ih je sve vi\u0161e, prostora premalo, pokrenuta je inicijativa za izgradnju posebne \u0161kole. Elaborat je izradila prof. Marija Prodan, projektant Prodan d.o.o. Financiranje od&nbsp; strane &nbsp;&nbsp;Ministarstva;<\/p>\n\n\n\n<p><strong>Ministarstvo rada i socijalne skrbi za odrasle osobe iznad 21 god., 30 osoba, za<\/strong> <strong>za\u0161titnu radionicu, koja nije nikada za\u017eivjela, ured voditelja, Ministarstvo prosvjete i \u0161porta za osnovno obrazovanje osoba do 21 godine \u017eivota.<\/strong> &nbsp;Predvi\u0111en je ured &nbsp;Udruge za pomo\u0107 osobama s mentalnom retardacijom&nbsp; Kri\u017eevci u prizemlju. Sve je bilo namje\u0161teno za tu namjenu<strong>. Udruga se seli u novi prostor &nbsp;16.12.2002.god. koji obuhva\u0107a ured, prostor u kojemu \u0107e se provoditi aktivnosti, prvenstveno za odrasle osobe iznad 21 godine., promjena adrese sjedi\u0161ta: nova adresa sjedi\u0161ta je: Kri\u017eevci, Ulica Matije Gupca 36. Upis promjena izvr\u0161en je 01. srpnja 2004. god. od Ureda dr\u017eavne uprave u Koprivni\u010dko-kri\u017eeva\u010dkoj \u017eupaniji, Pododsjek za op\u0107u upravu, Ispostava Kri\u017eevci.<\/strong><\/p>\n\n\n\n<p><strong>Podru\u010dna \u0161kola za djecu s posebnim potrebama Kri\u017eevci <\/strong>&nbsp;pri O.\u0160. \u201eVladimir Nazor\u201c Kri\u017eevci po\u010dinje pripreme za preregistraciju u Centar za odgoj, obrazovanje i rehabilitaciju Kri\u017eevci. <strong>Budu\u0107i da je Udruga za pomo\u0107 osobama s mentalnom retardacijom Kri\u017eevci bila posrednik izme\u0111u Ministarstva rada i<\/strong> <strong>socijalne skrbi i Ministarstva obrazovanja i \u0161porta, &nbsp;prof. Marija Prodan&nbsp; daje prijedlog &nbsp;da tada\u0161nji&nbsp; gradona\u010delnik Branko Hrg bude predstavnik Udruge za pomo\u0107 osobama s mentalnom retardacijom Kri\u017eevci kod pregovora u Ministarstvima.<\/strong><\/p>\n\n\n\n<p>Sam po\u010detak rada Dru\u0161tva (Udruge), unato\u010d tome \u0161to je bilo puno manje novca, bio je prepun dru\u017eenja, proslava ro\u0111endana, odlazaka na izlete. Istina bilo je drugo vrijeme, bili smo puno mla\u0111i, prepuni snage, ideja, volje, energije. Jedni drugima smo bili bli\u017ei, vi\u0161e razgovora, spremni na pomo\u0107. Sve zabilje\u0161ke su se pisale na pisa\u010dem stroju.<\/p>\n\n\n\n<p>Puno smo se davali, \u017ertvovali, nesebi\u010dno, odri\u010du\u0107i se svog slobodnog vremena ne samo za na\u0161u vlastitu djecu ve\u0107 i sve druge koji su smje\u0161teni kod udomitelja, koji su bez roditelja, koji imaju roditelje. Imali smo svoj cilj, viziju. Odr\u017eani su brojne radionice, edukacije, seminari. Zbrinjavali smo uzrast pred\u0161kolske djece posebnim potrebama do 2007.god. kada COOR Kri\u017eevci po\u010dinje provoditi program odgojno-obrazovni rad s djecom pred\u0161kolske dobi s posebnim potrebama.<\/p>\n\n\n\n<p>Provodili smo ranu intervenciju za djecu od 0-3 godine dugi niz godina, voditeljica je bila<\/p>\n\n\n\n<p>&nbsp;dipl. defektolog Kristina Kranj\u010devi\u0107 i&nbsp; kineziolog Snje\u017eana Mergon.<\/p>\n\n\n\n<p>\u00a0\u00a0\u00a0\u00a0\u00a0 Dugi niz godina smo \u0161kolskoj djeci pomagali nabavom didakti\u010dkog materijala, poklona za prigodne blagdane, organizacijom izleta, edukacije stru\u010dnjaka koji su bili zaposleni u Podru\u010dnoj \u0161koli za djecu s posebnim potrebama Kri\u017eevci koja se 1.1.2006.godine preregistrirala u Centar za odgoj, obrazovanje i rehabilitaciju Kri\u017eevci. <strong>Imali smo jako dobru suradnju sa stru\u010dnjacima iz COOR-a Kri\u017eevci.<\/strong> Svih godina od 2003.god. do danas 2020. god. zbrinjavali smo odrasle putem radionica, radno proizvodnih aktivnosti, poludnevnog boravka. Pru\u017eali smo socijalnu podr\u0161ku koju bi trebala provoditi sama dr\u017eava. <strong>Krajem pro\u0161le, 2019. god\u00a0 zapo\u010dela \u00a0je inicijativa u suradnji sa \u00a0Hrvatskim savezom udruga osoba s intelektualnim te\u0161ko\u0107ama \u010dija smo \u010dlanica, da se kategorija intelektualne te\u0161ko\u0107e izdvoji iz svih Udruga koje su registrirane, te stavi pod<\/strong> <\/p>\n\n\n\n<p><strong>poseban tretman kojim bi se omogu\u0107ilo Udrugama vi\u0161e nov\u010danih sredstava za hladan pogon te zapo\u0161ljavanje stru\u010dnjaka za rad. Do sada smo se financirali donacijama, prodajom radova nastalih u kreativnim radionicama, putem natje\u010daja. Od dr\u017eave na\u017ealost, iz prora\u010duna ne dobivamo ni\u0161ta. Osobno smatram da treba jo\u0161 dugo vremena i borbe da se to ostvari.<\/strong><\/p>\n\n\n\n<p>2015 . godine Udruga za pomo\u0107 osobama s mentalnom retardacijom Kri\u017eevci promijenila je naziv u<strong> Udruga osoba s intelektualnim te\u0161ko\u0107ama i njihovih obitelji \u201eMasla\u010dak\u201c Kri\u017eevci ili skra\u0107eni naziv: Udruga \u201eMasla\u010dak\u201c Kri\u017eevci. Udruga ima rje\u0161enje o minimalnim uvjetima za pru\u017eanje &nbsp;socijalnih usluga.<\/strong><\/p>\n\n\n\n<p>Pitam se \u0161to se je dogodilo sa ljudima oko nas, ne svih, <strong>uvijek<\/strong> <strong>postoje iznimke koje \u017eele pomo\u0107i i poma\u017eu. <\/strong>Pro\u0161li smo toliko toga, pozitivnog , veselja, bilo je puno smijeha, zabave ali i \u017ealosti, suza, tuge u odre\u0111enim situacijama. A gdje smo sad nakon 30 godina? &nbsp;Tolike \u017ertve, davanja sebe. Stariji smo, nemamo toliko energije, istro\u0161ili smo se. Razlog, briga o vlastitoj&nbsp; djeci, briga za budu\u0107nost, neizvjesnost \u0161to \u0107emo s na\u0161om bolesnom djecom. Uspjeli&nbsp; smo uz&nbsp; veliki&nbsp; trud&nbsp; (akcijama, donacijama, projektima):<\/p>\n\n\n\n<p>1) adaptirati ku\u0107u u Gunduli\u0107evoj 67, urediti okoli\u0161, vrt, pro\u0161iriti prostorni kapacitet zbog radno proizvodnih aktivnosti,<\/p>\n\n\n\n<p>2) &nbsp;nabaviti kombi vozilo &nbsp;koji je neophodan za prijevoz osoba na podru\u010dju grada Kri\u017eevaca i okolnih op\u0107ina.<\/p>\n\n\n\n<p>Izgradili smo&nbsp; status koji &nbsp;se trebao&nbsp; samo nadogra\u0111ivati<strong>.<\/strong><\/p>\n\n\n\n<p><strong>Pojedinci iz struke, vodstva Grada Kri\u017eevci sru\u0161e nam jednim dopisom i &nbsp;potpisom &nbsp;2019. god. sve \u0161to smo proteklih godina gradili. &nbsp;To je iseljenje iz prostora&nbsp; prizemlja COOR-a Kri\u017eevci. Ostajemo bez ureda za knjigovodstvene i administrativne poslove, pisanje projekata, rad sa roditeljima, individualan rad sa korisnicima, arhiva od 30 god. je raseljena. Sada smo ponovo na po\u010detku, na\u017ealost. Svedeni smo na<\/strong> <strong>prostor od 48,75 m2<\/strong> <strong>u ku\u0107i Gunduli\u0107eva 67 koja je vlasni\u0161tvo Grada Kri\u017eevci<\/strong>. Mi trebamo zbrinuti 30 osoba sa podru\u010dja Grada Kri\u017eevci i okolnih op\u0107ina. To je samo jedan mali dio<strong>. Odgovor Grada Kri\u017eevci da &nbsp;su du\u017eni brinuti&nbsp; prvenstveno o ustanovama jer kao osniva\u010d&nbsp; imaju odgovornost koju nitko ne\u0107e preuzeti, smatram potpuno neprihvatljivim. Odgovor da Udruge gra\u0111ana imaju svoju svrhu i korisnost u \u017eivotu gra\u0111ana da se ne mogu ni na koji na\u010din komparirati s ustanovama. Mi nismo obi\u010dna udruga gra\u0111ana, mi brinemo o ranjivoj skupini, koja je nesposobna sama brinuti o sebi, koja nije zbrinuta nikakvim oblikom zbrinjavanja iznad 21 god. &nbsp;Ve\u0107ina&nbsp; ih treba do\u017eivotno pomo\u0107 za&nbsp; brigu i skrb o sebi od druge osobe. To &nbsp;se ne mo\u017ee komparirati sa drugim udrugama na podru\u010dju grada Kri\u017eevci i \u0161ire osim onih koje brinu o osobama s invaliditetom.<\/strong><\/p>\n\n\n\n<p>Svako vodstvo grada Kri\u017eevci&nbsp; <strong>ako je odgovorno<\/strong>, treba brinuti&nbsp; o svima gra\u0111anima na podru\u010dju grada i \u0161ire. &nbsp;<strong>Rje\u0161ava se problem vezan uz \u0161kolsku djecu s te\u0161ko\u0107ama u&nbsp; razvoju, a osobe iznad 21 godine s intelektualnim te\u0161ko\u0107ama i dalje ostaju na margini dru\u0161tva, diskriminirana, \u0161to predstavlja povredu priro\u0111enog dostojanstva i vrijednosti \u010dovjeka.<\/strong><\/p>\n\n\n\n<p>Pro\u0161li smo puno toga u proteklih 30 godina. Istina promijenilo se sve, \u010ditav svijet. To nije opravdanje za postupke pojedinaca, vi\u0161e solidarnosti, po\u0161tovanja, humanosti, etike, morala, savjesti. Manje bahatosti, vlastitih ambicija preko bolesnih. U proteklih 30 godina djelovanja pro\u0161li smo toliko barijera i uspjeli. <strong>Na veliku \u017ealost, barijere u glavama pojedinih stru\u010dnjaka i vodstvu grada Kri\u017eevci nismo uspjeli ukloniti.<\/strong> <strong>Zato i dalje predstoji velika borba za osobe s intelektualnim te\u0161ko\u0107ama iznad 21 godine koje nisu zbrinute nikakvim oblikom zbrinjavanja. Borba za prostor koji im je na le\u0161inarski<\/strong> <\/p>\n\n\n\n<p><strong>na\u010din oduzet i prenamijenjen u prostor za osnovno obrazovanje do 21 god. To je njihovo PRAVO koje im pripada, nastavljamo borbu do istine i odgovornosti za one koji su nas u ovu situaciju doveli<\/strong>.<\/p>\n\n\n\n<p><strong>MISIJA<\/strong>: <strong>rije\u0161iti problem oko prostora koji nam je neophodan za nastavak rada, nastaviti provoditi poludnevni boravak za odrasle osobe s intelektualnim te\u0161ko\u0107ama, stambena zajednica, raditi i boriti se za prava osoba s IT, svih&nbsp; na\u0161ih \u010dlanova naro\u010dito onih koji se ne mogu sami za sebe izboriti.<\/strong><\/p>\n\n\n\n<p><strong>&nbsp;Apel svim mla\u0111im roditeljima da daju svoj doprinos u humanitarnom radu u na\u0161oj Udruzi \u201eMasla\u010dak\u201c Kri\u017eevci, da se uklju\u010de ako jo\u0161 nisu. Treba nam mla\u0111ih osoba sa vi\u0161e energije, snage, ideja, vizije za bolje sutra njihove djece i ostale.<\/strong><\/p>\n\n\n\n<p><strong>Pozivam sve koji \u017eele i mogu volontirati u Udruzi \u201eMasla\u010dak\u201c Kri\u017eevci. Vjerujte, radom sa&nbsp; osobama s te\u0161ko\u0107ama &nbsp;vi\u0161e se oplemenjujete, \u010dini vas boljim ljudima. Nakon rada s njima sigurno \u0107e vam se promijeniti prioriteti u \u017eivotu.<\/strong><\/p>\n\n\n\n<p><strong>Svima od srca zahvaljujem koji su proteklih 30 godina pomogli na bilo koji na\u010din prija\u0161njem Dru\u0161tvu, sada\u0161njoj Udruzi. Veliko hvala za sve.<\/strong><\/p>\n\n\n\n<p><strong><em>\u201eNemoj me podcjenjivati.<\/em><\/strong><\/p>\n\n\n\n<p><strong><em>Znam vi\u0161e nego \u0161to ka\u017eem.<\/em><\/strong><\/p>\n\n\n\n<p><strong><em>Mislim vi\u0161e nego \u0161to govorim.<\/em><\/strong><\/p>\n\n\n\n<p><strong><em>Primje\u0107ujem vi\u0161e nego \u0161to misli\u0161.\u201c<\/em><\/strong><\/p>\n\n\n\n<figure class=\"wp-block-image size-large is-resized\"><img loading=\"lazy\" decoding=\"async\" src=\"https:\/\/www.udrugamrkz.hr\/wp-content\/uploads\/119562741_3022178447894206_763382323762189473_o-1024x718.jpg\" alt=\"\" class=\"wp-image-4332\" width=\"604\" height=\"423\" srcset=\"https:\/\/www.udrugamrkz.hr\/wp-content\/uploads\/119562741_3022178447894206_763382323762189473_o-1024x718.jpg 1024w, https:\/\/www.udrugamrkz.hr\/wp-content\/uploads\/119562741_3022178447894206_763382323762189473_o-300x210.jpg 300w, https:\/\/www.udrugamrkz.hr\/wp-content\/uploads\/119562741_3022178447894206_763382323762189473_o-768x539.jpg 768w, https:\/\/www.udrugamrkz.hr\/wp-content\/uploads\/119562741_3022178447894206_763382323762189473_o.jpg 1108w\" sizes=\"(max-width: 604px) 100vw, 604px\" \/><\/figure>\n\n\n\n<p><\/p>\n\n\n\n<figure class=\"wp-block-image size-large is-resized\"><img loading=\"lazy\" decoding=\"async\" src=\"https:\/\/www.udrugamrkz.hr\/wp-content\/uploads\/face-1024x640.jpg\" alt=\"\" class=\"wp-image-4002\" width=\"608\" height=\"380\" srcset=\"https:\/\/www.udrugamrkz.hr\/wp-content\/uploads\/face-1024x640.jpg 1024w, https:\/\/www.udrugamrkz.hr\/wp-content\/uploads\/face-300x187.jpg 300w, https:\/\/www.udrugamrkz.hr\/wp-content\/uploads\/face-768x480.jpg 768w, https:\/\/www.udrugamrkz.hr\/wp-content\/uploads\/face-1536x960.jpg 1536w, https:\/\/www.udrugamrkz.hr\/wp-content\/uploads\/face-2048x1280.jpg 2048w\" sizes=\"(max-width: 608px) 100vw, 608px\" \/><\/figure>\n\n\n\n<p><\/p>\n","protected":false},"excerpt":{"rendered":"<p>Kratak pregled 30 godina djelovanja Udruge \u201eMasla\u010dak\u201c Kri\u017eevci- rije\u010d roditelja Nade\u00a0 Domitrovi\u0107\u00a0 koja volontira u\u00a0 Udruzi (prija\u0161nje Dru\u0161tvo) punih 30 godina. U Osnovnoj \u0161koli \u201cVladimir Nazor\u201c Kri\u017eevci otvoren je Odjel za djecu s posebnim&#46;&#46;&#46;<\/p>\n","protected":false},"author":1,"featured_media":4332,"comment_status":"closed","ping_status":"closed","sticky":false,"template":"","format":"standard","meta":{"ngg_post_thumbnail":0,"footnotes":""},"categories":[1],"tags":[],"_links":{"self":[{"href":"https:\/\/www.udrugamrkz.hr\/index.php?rest_route=\/wp\/v2\/posts\/4331"}],"collection":[{"href":"https:\/\/www.udrugamrkz.hr\/index.php?rest_route=\/wp\/v2\/posts"}],"about":[{"href":"https:\/\/www.udrugamrkz.hr\/index.php?rest_route=\/wp\/v2\/types\/post"}],"author":[{"embeddable":true,"href":"https:\/\/www.udrugamrkz.hr\/index.php?rest_route=\/wp\/v2\/users\/1"}],"replies":[{"embeddable":true,"href":"https:\/\/www.udrugamrkz.hr\/index.php?rest_route=%2Fwp%2Fv2%2Fcomments&post=4331"}],"version-history":[{"count":1,"href":"https:\/\/www.udrugamrkz.hr\/index.php?rest_route=\/wp\/v2\/posts\/4331\/revisions"}],"predecessor-version":[{"id":4333,"href":"https:\/\/www.udrugamrkz.hr\/index.php?rest_route=\/wp\/v2\/posts\/4331\/revisions\/4333"}],"wp:featuredmedia":[{"embeddable":true,"href":"https:\/\/www.udrugamrkz.hr\/index.php?rest_route=\/wp\/v2\/media\/4332"}],"wp:attachment":[{"href":"https:\/\/www.udrugamrkz.hr\/index.php?rest_route=%2Fwp%2Fv2%2Fmedia&parent=4331"}],"wp:term":[{"taxonomy":"category","embeddable":true,"href":"https:\/\/www.udrugamrkz.hr\/index.php?rest_route=%2Fwp%2Fv2%2Fcategories&post=4331"},{"taxonomy":"post_tag","embeddable":true,"href":"https:\/\/www.udrugamrkz.hr\/index.php?rest_route=%2Fwp%2Fv2%2Ftags&post=4331"}],"curies":[{"name":"wp","href":"https:\/\/api.w.org\/{rel}","templated":true}]}}