{"id":4108,"date":"2020-05-05T18:48:00","date_gmt":"2020-05-05T17:48:00","guid":{"rendered":"https:\/\/www.udrugamrkz.hr\/?p=4108"},"modified":"2020-05-13T18:50:58","modified_gmt":"2020-05-13T17:50:58","slug":"predstavnici-vlade-primili-predstavnike-koordinacije","status":"publish","type":"post","link":"https:\/\/www.udrugamrkz.hr\/?p=4108","title":{"rendered":"Predstavnici Vlade primili predstavnike Koordinacije"},"content":{"rendered":"\n<p>Do kraja ovoga tjedna Ministarstvo rada i mirovinskog sustava, Ured za udruge i Nacionalna zaklada za razvoj civilnog dru\u0161tva moraju uskladiti tekst poziva za prijavu projekata na posebni COVID- 19 natje\u010daj koji \u0107e biti raspisan kao odgovor Vlade na korona krizu koja je pogodila udruge.<\/p>\n\n\n\n<p>Objavljivanje posebnog COVID-19 natje\u010daja predstavnicima Koalicije za o\u010duvanje digniteta udruga u RH na sastanku odr\u017eanom u \u010detvrtak 30. travnja najavili su predstavnici Vlade.<\/p>\n\n\n\n<p>Prema rije\u010dima ministara Marka Pavi\u0107a i Josipa Aladrovi\u0107a natje\u010daj bi trebao obuhvatiti teme kao \u0161to su rastu\u0107e obiteljsko nasilje tijekom krize, osobe s invaliditetom, starije osobe, bolesnici i ostale skupine koje su u riziku od socijalne isklju\u010denosti uzrokovane pandemijom koronavirusa. Vrijednost natje\u010daja trebala bi iznositi 80 milijuna kuna.<\/p>\n\n\n\n<p>Dodatnih 25 milijuna kuna Vlada \u0107e izdvojiti za natje\u010daj \u201eKultura on-line\u201c koji je u finalnoj fazi dogovaranja i uskoro \u0107e biti objavljen. Cilj ovog natje\u010daja je pomo\u0107i organizacijama u kulturi, a s obzirom na to da su zabranjena okupljanja.<\/p>\n\n\n\n<p>Sastanak predstavnika Koordinacije koja okuplja 205 udruga civilnog dru\u0161tva odr\u017ean je nakon \u0161to je Vlada primila pismo Koordinacije u kojem se izra\u017eava zabrinutost zbog utjecaja koronavirusa na rad udruga. Inicijator sastanka bio je premijer Andrej Plenkovi\u0107, a sastanku su osim ministra rada i mirovinskog sustava Josipa Aladrovi\u0107a i ministra regionalnog razvoja i fondova Europske unije Marka Pavi\u0107a nazo\u010dili ravnateljica Ureda za udruge Helena Beus, zamjenik upraviteljice Nacionalne zaklade za razvoj civilnoga dru\u0161tva Luka Bogdan, dr\u017eavni tajnik u Ministarstvu rada Dragan Jeli\u0107 i savjetnik Premijera Tomislav Leko.<\/p>\n\n\n\n<p>Koordinaciju udruga predstavljali su inicijatorica i voditeljica Koordinacije Svjetlana Marijon (Udruga Zamisli), Bojan Marjanovi\u0107 (Hrvatsko debatno dru\u0161tvo), Ivana Kalogjera (Nismo same), Lidija Pavi\u0107-Rogo\u0161i\u0107 (ODRAZ &#8211; Odr\u017eivi razvoj zajednice) i Mirela Despotovi\u0107 (Centar za civilne inicijative).<\/p>\n\n\n\n<p>Ministar Pavi\u0107 kazao je kako Vlada civilno dru\u0161tvo vidi kao partnera u rje\u0161avanju krize zbog \u010dega su u pripremi i novi natje\u010daji.<\/p>\n\n\n\n<p>Predstavnici Koordinacije pozdravili su raspisivanje natje\u010daja COVID \u2013 19 no izrekli su svoju zabrinutost zbog najave da \u0107e i taj natje\u010daj biti raspisan po principu \u201enajbr\u017eeg prsta\u201c \u0161to smatraju da nikako ne pridonosi transparentnosti i kvaliteti projektnih prijedloga. Ako se inzistira na najbr\u017eem prstu, cjelokupnu dokumentaciju i sva pravila treba objaviti najmanje dva tjedna prije otvaranja natje\u010daja, upozorili su.<\/p>\n\n\n\n<p>Na sastanku se najvi\u0161e razgovaralo o EU projektima i njihovoj sudbini. Predstavnike Koordinacije zanimalo je \u0161to s iznosom od 100 milijuna eura koji je, kako se moglo \u010ditati u medijima, preraspodijeljen iz ESF-a za ubla\u017eavanje posljedica virusa COVID-19. Predstavnici Vlade rekli su da je<\/p>\n\n\n\n<p>iznos od 100 milijuna eura skinut s osi 3. i 4. te kako to ne bi trebalo zna\u010dajno utjecati na natje\u010daje za udruge.<\/p>\n\n\n\n<p>Na pitanje \u0161to je s natje\u010dajima iz Fondova EU koji su odavno zatvoreni (neki su jo\u0161 iz 2018.), a za koje jo\u0161 nisu objavljeni rezultati, odgovoreno je kako je svih devet provedenih natje\u010daja u zavr\u0161noj fazi, a rezultati se o\u010dekuju u sljede\u0107a dva tjedna. Neke natje\u010daje jo\u0161 o\u010dekuje tre\u0107i krug evaluacije, a neki su ve\u0107 u fazi \u010di\u0161\u0107enja prora\u010duna.<\/p>\n\n\n\n<p>\u0160to se ti\u010de novih natje\u010daja najavljeno je da \u0107e se Indikativni kalendar natje\u010daja malo promijeniti, a novi kalendar bit \u0107e objavljen do 15. svibnja.<\/p>\n\n\n\n<p>Vlada je odbila zahtjev Koordinacije za izjedna\u010davanjem udruga s drugim poslodavcima u RH i omogu\u0107avanje podr\u0161ke za isplatu pla\u0107e radnicima u udrugama koje doka\u017eu da je rad ugro\u017een zbog utjecaja krize COVID \u2013 19.<\/p>\n\n\n\n<p>Kako je objasnio ministar Aladrovi\u0107 potpore za o\u010duvanje radnih mjesta za prora\u010dunske korisnike za Vladu nisu prihvatljiva opcija. Vlada smatra da udruge spadaju u kategoriju prora\u010dunskih korisnika budu\u0107i da primaju potpore iz javnih izvora.<\/p>\n\n\n\n<p>Na pitanje predstavnika Koordinacije je li mogu\u0107e da se potpore potencijalno odobre udrugama koje ne primaju takve potpore, ministar je odgovorio da su potpore usmjerene isklju\u010divo na subjekte koji se bave gospodarskim djelatnostima.<\/p>\n\n\n\n<p>Prijedlog Koordinacije za podizanje limita na donacije kao porezno priznatog tro\u0161ka (s 2% na min 10%), ili uvo\u0111enje sli\u010dnih modela kojima privatne i pravne osobe mogu ostvariti porezne olak\u0161ice donacijama u puno ve\u0107oj mjeri nego \u0161to je to trenuta\u010dno dozvoljeno uz olak\u0161avanje uvjeta i procedure doniranja, predstavnici Vlade ocijenili su kao zanimljivo rje\u0161enje koje je prihvatljivo za razmi\u0161ljanje, no u ovom trenutku to nije izvedivo.<\/p>\n\n\n\n<p>Na upit o stanju nacionalnih natje\u010daja i raspolo\u017eivih sredstava Luka Bogdan najavio je da \u0107e Nacionalna zaklada za razvoj civilnoga dru\u0161tva informacije o tome imati nakon \u0161to dobiju informacije o uplatama u Lutriju, no ve\u0107 sada se mo\u017ee re\u0107i da zbog otkazivanja ve\u0107ine sportskih natjecanja one ne\u0107e biti jednake prethodnim godinama.<\/p>\n\n\n\n<p>Na sastanku je najavljen nastavak suradnje te novi sastanci s ostalim nacionalnim tijelima, ministarstvima financija, kulture, demografije, obitelji, mladih i socijalne politike, znanosti i obrazovanja te zdravstva.<\/p>\n\n\n\n<figure class=\"wp-block-image size-large is-resized\"><img loading=\"lazy\" decoding=\"async\" src=\"https:\/\/www.udrugamrkz.hr\/wp-content\/uploads\/vlada_1_foto.jpg\" alt=\"\" class=\"wp-image-4109\" width=\"462\" height=\"346\" srcset=\"https:\/\/www.udrugamrkz.hr\/wp-content\/uploads\/vlada_1_foto.jpg 800w, https:\/\/www.udrugamrkz.hr\/wp-content\/uploads\/vlada_1_foto-300x225.jpg 300w, https:\/\/www.udrugamrkz.hr\/wp-content\/uploads\/vlada_1_foto-768x576.jpg 768w\" sizes=\"(max-width: 462px) 100vw, 462px\" \/><\/figure>\n","protected":false},"excerpt":{"rendered":"<p>Do kraja ovoga tjedna Ministarstvo rada i mirovinskog sustava, Ured za udruge i Nacionalna zaklada za razvoj civilnog dru\u0161tva moraju uskladiti tekst poziva za prijavu projekata na posebni COVID- 19 natje\u010daj koji \u0107e biti&#46;&#46;&#46;<\/p>\n","protected":false},"author":1,"featured_media":4109,"comment_status":"closed","ping_status":"closed","sticky":false,"template":"","format":"standard","meta":{"ngg_post_thumbnail":0,"footnotes":""},"categories":[1],"tags":[],"_links":{"self":[{"href":"https:\/\/www.udrugamrkz.hr\/index.php?rest_route=\/wp\/v2\/posts\/4108"}],"collection":[{"href":"https:\/\/www.udrugamrkz.hr\/index.php?rest_route=\/wp\/v2\/posts"}],"about":[{"href":"https:\/\/www.udrugamrkz.hr\/index.php?rest_route=\/wp\/v2\/types\/post"}],"author":[{"embeddable":true,"href":"https:\/\/www.udrugamrkz.hr\/index.php?rest_route=\/wp\/v2\/users\/1"}],"replies":[{"embeddable":true,"href":"https:\/\/www.udrugamrkz.hr\/index.php?rest_route=%2Fwp%2Fv2%2Fcomments&post=4108"}],"version-history":[{"count":1,"href":"https:\/\/www.udrugamrkz.hr\/index.php?rest_route=\/wp\/v2\/posts\/4108\/revisions"}],"predecessor-version":[{"id":4110,"href":"https:\/\/www.udrugamrkz.hr\/index.php?rest_route=\/wp\/v2\/posts\/4108\/revisions\/4110"}],"wp:featuredmedia":[{"embeddable":true,"href":"https:\/\/www.udrugamrkz.hr\/index.php?rest_route=\/wp\/v2\/media\/4109"}],"wp:attachment":[{"href":"https:\/\/www.udrugamrkz.hr\/index.php?rest_route=%2Fwp%2Fv2%2Fmedia&parent=4108"}],"wp:term":[{"taxonomy":"category","embeddable":true,"href":"https:\/\/www.udrugamrkz.hr\/index.php?rest_route=%2Fwp%2Fv2%2Fcategories&post=4108"},{"taxonomy":"post_tag","embeddable":true,"href":"https:\/\/www.udrugamrkz.hr\/index.php?rest_route=%2Fwp%2Fv2%2Ftags&post=4108"}],"curies":[{"name":"wp","href":"https:\/\/api.w.org\/{rel}","templated":true}]}}