{"id":3237,"date":"2018-09-09T18:10:08","date_gmt":"2018-09-09T17:10:08","guid":{"rendered":"http:\/\/www.udrugamrkz.hr\/?p=3237"},"modified":"2018-09-27T18:12:03","modified_gmt":"2018-09-27T17:12:03","slug":"hodocasca","status":"publish","type":"post","link":"https:\/\/www.udrugamrkz.hr\/?p=3237","title":{"rendered":"Hodo\u010da\u0161\u0107a"},"content":{"rendered":"<p>Na blagdan Male gospe u subotu 8. rujna \u010dlanovi Udruge &#8220;Masla\u010dak&#8221; Kri\u017eevci hodo\u010dastili su u sveti\u0161te Majke Bo\u017eje Bistri\u010dke tre\u0107u godinu za redom. Uz \u010dlanove Udruge &#8220;Masla\u010dak&#8221;  hodo\u010dastili su i \u010dlanovi prijateljskih Udruga: Udruge \u201eLatice\u201c iz Koprivnice, Udruge \u201eMali princ\u201c iz \u0110ur\u0111evca, Udruge \u201eSrce\u201c iz Svetog Ivana Zeline i Udruge \u201eKorak dalje\u201c iz Daruvara. Svi zajedno prisustvovali su Svetoj misi, a nakon razgledavanja sveti\u0161ta organizirano je zajedni\u010dko dru\u017eenje u restoranu \u201eDobro nam do\u0161el prijatelj\u201c. Na blagdan svetog Marka Kri\u017eev\u010danina 7. rujna \u010dlanovi Udruge &#8220;Masla\u010dak&#8221; sudjelovali su u procesiji te tako\u0111er prisustvovali Svetoj misi.<br \/>\nTjedan dana prije, 26. kolovoza 2018. Masla\u010dci su prisustvovali su na Svetoj misi za osobe s invaliditetom i one koji brinu za njih te dru\u017eenju u Ludbregu na poziv Udruge &#8220;Ludbre\u0161ko sunce&#8221;. Nakon mise je uslijedio ru\u010dak u Ku\u0107i Sunca, a nakon njega program u kojem su sudjelovale sve udruge i pokazale svoja umije\u0107a &#8211; &#8220;I mi to mo\u017eemo-poka\u017ei \u0161to zna\u0161&#8221;. U Ludbregu su prisustvovali \u010dlanovi udruga iz Koprivnice, \u0110ur\u0111evca, \u010cakovca, Svetog Ivana Zeline, Novog Marofa, Ivanca i Ludbrega. Ova hodo\u010da\u0161\u0107a su bila prilika za susrete starih prijatelja i dogovore o budu\u0107im zajedni\u010dkim aktivnostima te uklju\u010divanje u vjerska doga\u0111anja, kao i podr\u0161ka cijelim obiteljima. <\/p>\n<p><a href=\"http:\/\/www.udrugamrkz.hr\/wp-content\/uploads\/41425610_1650606898384708_5966145126777487360_n.jpg\"><img loading=\"lazy\" decoding=\"async\" data-id=\"3257\"  src=\"http:\/\/www.udrugamrkz.hr\/wp-content\/uploads\/41425610_1650606898384708_5966145126777487360_n-300x225.jpg\" alt=\"41425610_1650606898384708_5966145126777487360_n\" width=\"300\" height=\"225\" class=\"alignleft size-medium wp-image-3257\" srcset=\"https:\/\/www.udrugamrkz.hr\/wp-content\/uploads\/41425610_1650606898384708_5966145126777487360_n-300x225.jpg 300w, https:\/\/www.udrugamrkz.hr\/wp-content\/uploads\/41425610_1650606898384708_5966145126777487360_n.jpg 960w\" sizes=\"(max-width: 300px) 100vw, 300px\" \/><\/a><\/p>\n<p><a href=\"http:\/\/www.udrugamrkz.hr\/wp-content\/uploads\/41555922_1650606915051373_9048204179394265088_n.jpg\"><img loading=\"lazy\" decoding=\"async\" data-id=\"3258\"  src=\"http:\/\/www.udrugamrkz.hr\/wp-content\/uploads\/41555922_1650606915051373_9048204179394265088_n-300x225.jpg\" alt=\"41555922_1650606915051373_9048204179394265088_n\" width=\"300\" height=\"225\" class=\"alignleft size-medium wp-image-3258\" srcset=\"https:\/\/www.udrugamrkz.hr\/wp-content\/uploads\/41555922_1650606915051373_9048204179394265088_n-300x225.jpg 300w, https:\/\/www.udrugamrkz.hr\/wp-content\/uploads\/41555922_1650606915051373_9048204179394265088_n.jpg 960w\" sizes=\"(max-width: 300px) 100vw, 300px\" \/><\/a><\/p>\n","protected":false},"excerpt":{"rendered":"<p>Na blagdan Male gospe u subotu 8. rujna \u010dlanovi Udruge &#8220;Masla\u010dak&#8221; Kri\u017eevci hodo\u010dastili su u sveti\u0161te Majke Bo\u017eje Bistri\u010dke tre\u0107u godinu za redom. Uz \u010dlanove Udruge &#8220;Masla\u010dak&#8221; hodo\u010dastili su i \u010dlanovi prijateljskih Udruga: Udruge&#46;&#46;&#46;<\/p>\n","protected":false},"author":1,"featured_media":0,"comment_status":"closed","ping_status":"closed","sticky":false,"template":"","format":"standard","meta":{"ngg_post_thumbnail":0,"footnotes":""},"categories":[1],"tags":[],"_links":{"self":[{"href":"https:\/\/www.udrugamrkz.hr\/index.php?rest_route=\/wp\/v2\/posts\/3237"}],"collection":[{"href":"https:\/\/www.udrugamrkz.hr\/index.php?rest_route=\/wp\/v2\/posts"}],"about":[{"href":"https:\/\/www.udrugamrkz.hr\/index.php?rest_route=\/wp\/v2\/types\/post"}],"author":[{"embeddable":true,"href":"https:\/\/www.udrugamrkz.hr\/index.php?rest_route=\/wp\/v2\/users\/1"}],"replies":[{"embeddable":true,"href":"https:\/\/www.udrugamrkz.hr\/index.php?rest_route=%2Fwp%2Fv2%2Fcomments&post=3237"}],"version-history":[{"count":1,"href":"https:\/\/www.udrugamrkz.hr\/index.php?rest_route=\/wp\/v2\/posts\/3237\/revisions"}],"predecessor-version":[{"id":3259,"href":"https:\/\/www.udrugamrkz.hr\/index.php?rest_route=\/wp\/v2\/posts\/3237\/revisions\/3259"}],"wp:attachment":[{"href":"https:\/\/www.udrugamrkz.hr\/index.php?rest_route=%2Fwp%2Fv2%2Fmedia&parent=3237"}],"wp:term":[{"taxonomy":"category","embeddable":true,"href":"https:\/\/www.udrugamrkz.hr\/index.php?rest_route=%2Fwp%2Fv2%2Fcategories&post=3237"},{"taxonomy":"post_tag","embeddable":true,"href":"https:\/\/www.udrugamrkz.hr\/index.php?rest_route=%2Fwp%2Fv2%2Ftags&post=3237"}],"curies":[{"name":"wp","href":"https:\/\/api.w.org\/{rel}","templated":true}]}}