{"id":322,"date":"2010-05-19T07:20:05","date_gmt":"2010-05-19T06:20:05","guid":{"rendered":"http:\/\/www.udrugamrkz.hr\/?p=322"},"modified":"2010-06-14T07:21:15","modified_gmt":"2010-06-14T06:21:15","slug":"dan-coor-a-3","status":"publish","type":"post","link":"https:\/\/www.udrugamrkz.hr\/?p=322","title":{"rendered":"Dan COOR-a"},"content":{"rendered":"<p>Mali i veliki \u010dlanovi na\u0161e Udruge sudjelovali su u obilje\u017eavanju Dana Centra za odgoj, obrazovanje i rehabilitaciju Kri\u017eevci.<\/p>\n","protected":false},"excerpt":{"rendered":"<p>Mali i veliki \u010dlanovi na\u0161e Udruge sudjelovali su u obilje\u017eavanju Dana Centra za odgoj, obrazovanje i rehabilitaciju Kri\u017eevci.<\/p>\n","protected":false},"author":1,"featured_media":0,"comment_status":"closed","ping_status":"closed","sticky":false,"template":"","format":"standard","meta":{"ngg_post_thumbnail":0,"footnotes":""},"categories":[4],"tags":[],"_links":{"self":[{"href":"https:\/\/www.udrugamrkz.hr\/index.php?rest_route=\/wp\/v2\/posts\/322"}],"collection":[{"href":"https:\/\/www.udrugamrkz.hr\/index.php?rest_route=\/wp\/v2\/posts"}],"about":[{"href":"https:\/\/www.udrugamrkz.hr\/index.php?rest_route=\/wp\/v2\/types\/post"}],"author":[{"embeddable":true,"href":"https:\/\/www.udrugamrkz.hr\/index.php?rest_route=\/wp\/v2\/users\/1"}],"replies":[{"embeddable":true,"href":"https:\/\/www.udrugamrkz.hr\/index.php?rest_route=%2Fwp%2Fv2%2Fcomments&post=322"}],"version-history":[{"count":1,"href":"https:\/\/www.udrugamrkz.hr\/index.php?rest_route=\/wp\/v2\/posts\/322\/revisions"}],"predecessor-version":[{"id":323,"href":"https:\/\/www.udrugamrkz.hr\/index.php?rest_route=\/wp\/v2\/posts\/322\/revisions\/323"}],"wp:attachment":[{"href":"https:\/\/www.udrugamrkz.hr\/index.php?rest_route=%2Fwp%2Fv2%2Fmedia&parent=322"}],"wp:term":[{"taxonomy":"category","embeddable":true,"href":"https:\/\/www.udrugamrkz.hr\/index.php?rest_route=%2Fwp%2Fv2%2Fcategories&post=322"},{"taxonomy":"post_tag","embeddable":true,"href":"https:\/\/www.udrugamrkz.hr\/index.php?rest_route=%2Fwp%2Fv2%2Ftags&post=322"}],"curies":[{"name":"wp","href":"https:\/\/api.w.org\/{rel}","templated":true}]}}