{"id":318,"date":"2010-05-09T08:16:42","date_gmt":"2010-05-09T07:16:42","guid":{"rendered":"http:\/\/www.udrugamrkz.hr\/?p=318"},"modified":"2010-06-14T07:18:08","modified_gmt":"2010-06-14T06:18:08","slug":"susret-katolicke-mladezi-u-zadru","status":"publish","type":"post","link":"https:\/\/www.udrugamrkz.hr\/?p=318","title":{"rendered":"Susret katoli\u010dke mlade\u017ei u Zadru"},"content":{"rendered":"<p>Troje mladih \u010dlanova na\u0161e Udruge sudjelovalo je na Susretu katoli\u010dke mlade\u017ei u Zadru uz pratnju vjerou\u010diteljice Ankice Juki\u0107.<\/p>\n","protected":false},"excerpt":{"rendered":"<p>Troje mladih \u010dlanova na\u0161e Udruge sudjelovalo je na Susretu katoli\u010dke mlade\u017ei u Zadru uz pratnju vjerou\u010diteljice Ankice Juki\u0107.<\/p>\n","protected":false},"author":1,"featured_media":0,"comment_status":"closed","ping_status":"closed","sticky":false,"template":"","format":"standard","meta":{"ngg_post_thumbnail":0,"footnotes":""},"categories":[1],"tags":[],"_links":{"self":[{"href":"https:\/\/www.udrugamrkz.hr\/index.php?rest_route=\/wp\/v2\/posts\/318"}],"collection":[{"href":"https:\/\/www.udrugamrkz.hr\/index.php?rest_route=\/wp\/v2\/posts"}],"about":[{"href":"https:\/\/www.udrugamrkz.hr\/index.php?rest_route=\/wp\/v2\/types\/post"}],"author":[{"embeddable":true,"href":"https:\/\/www.udrugamrkz.hr\/index.php?rest_route=\/wp\/v2\/users\/1"}],"replies":[{"embeddable":true,"href":"https:\/\/www.udrugamrkz.hr\/index.php?rest_route=%2Fwp%2Fv2%2Fcomments&post=318"}],"version-history":[{"count":1,"href":"https:\/\/www.udrugamrkz.hr\/index.php?rest_route=\/wp\/v2\/posts\/318\/revisions"}],"predecessor-version":[{"id":319,"href":"https:\/\/www.udrugamrkz.hr\/index.php?rest_route=\/wp\/v2\/posts\/318\/revisions\/319"}],"wp:attachment":[{"href":"https:\/\/www.udrugamrkz.hr\/index.php?rest_route=%2Fwp%2Fv2%2Fmedia&parent=318"}],"wp:term":[{"taxonomy":"category","embeddable":true,"href":"https:\/\/www.udrugamrkz.hr\/index.php?rest_route=%2Fwp%2Fv2%2Fcategories&post=318"},{"taxonomy":"post_tag","embeddable":true,"href":"https:\/\/www.udrugamrkz.hr\/index.php?rest_route=%2Fwp%2Fv2%2Ftags&post=318"}],"curies":[{"name":"wp","href":"https:\/\/api.w.org\/{rel}","templated":true}]}}