{"id":316,"date":"2010-05-08T07:15:07","date_gmt":"2010-05-08T06:15:07","guid":{"rendered":"http:\/\/www.udrugamrkz.hr\/?p=316"},"modified":"2010-06-14T07:16:36","modified_gmt":"2010-06-14T06:16:36","slug":"skupstina-saveza","status":"publish","type":"post","link":"https:\/\/www.udrugamrkz.hr\/?p=316","title":{"rendered":"Skup\u0161tina Saveza"},"content":{"rendered":"<p>Ana Ivan\u010dan (\u010dlan Skup\u0161tine Hrvatskog saveza udruga za osobe s mentalnom retardacijom u prija\u0161njem sazivu) i Tamara Premu\u0161 (\u010dlan Skup\u0161tine Saveza u novom sazivu) sudjelovale su na izvje\u0161tajno programsko izbornoj Skup\u0161tini Saveza. Prof. Ana Ivan\u010dan dobila je zahvalnicu Hrvatskog saveza udruga za osobe s mentalnom retardacijom za doprinos u radu Saveza u proteklom mandatu.<\/p>\n","protected":false},"excerpt":{"rendered":"<p>Ana Ivan\u010dan (\u010dlan Skup\u0161tine Hrvatskog saveza udruga za osobe s mentalnom retardacijom u prija\u0161njem sazivu) i Tamara Premu\u0161 (\u010dlan Skup\u0161tine Saveza u novom sazivu) sudjelovale su na izvje\u0161tajno programsko izbornoj Skup\u0161tini Saveza. Prof. Ana&#46;&#46;&#46;<\/p>\n","protected":false},"author":1,"featured_media":0,"comment_status":"closed","ping_status":"closed","sticky":false,"template":"","format":"standard","meta":{"ngg_post_thumbnail":0,"footnotes":""},"categories":[3],"tags":[],"_links":{"self":[{"href":"https:\/\/www.udrugamrkz.hr\/index.php?rest_route=\/wp\/v2\/posts\/316"}],"collection":[{"href":"https:\/\/www.udrugamrkz.hr\/index.php?rest_route=\/wp\/v2\/posts"}],"about":[{"href":"https:\/\/www.udrugamrkz.hr\/index.php?rest_route=\/wp\/v2\/types\/post"}],"author":[{"embeddable":true,"href":"https:\/\/www.udrugamrkz.hr\/index.php?rest_route=\/wp\/v2\/users\/1"}],"replies":[{"embeddable":true,"href":"https:\/\/www.udrugamrkz.hr\/index.php?rest_route=%2Fwp%2Fv2%2Fcomments&post=316"}],"version-history":[{"count":1,"href":"https:\/\/www.udrugamrkz.hr\/index.php?rest_route=\/wp\/v2\/posts\/316\/revisions"}],"predecessor-version":[{"id":317,"href":"https:\/\/www.udrugamrkz.hr\/index.php?rest_route=\/wp\/v2\/posts\/316\/revisions\/317"}],"wp:attachment":[{"href":"https:\/\/www.udrugamrkz.hr\/index.php?rest_route=%2Fwp%2Fv2%2Fmedia&parent=316"}],"wp:term":[{"taxonomy":"category","embeddable":true,"href":"https:\/\/www.udrugamrkz.hr\/index.php?rest_route=%2Fwp%2Fv2%2Fcategories&post=316"},{"taxonomy":"post_tag","embeddable":true,"href":"https:\/\/www.udrugamrkz.hr\/index.php?rest_route=%2Fwp%2Fv2%2Ftags&post=316"}],"curies":[{"name":"wp","href":"https:\/\/api.w.org\/{rel}","templated":true}]}}