{"id":3074,"date":"2018-03-20T11:28:10","date_gmt":"2018-03-20T10:28:10","guid":{"rendered":"http:\/\/www.udrugamrkz.hr\/?p=3074"},"modified":"2018-03-22T11:32:02","modified_gmt":"2018-03-22T10:32:02","slug":"svjetski-dan-socijalnog-rada-2","status":"publish","type":"post","link":"https:\/\/www.udrugamrkz.hr\/?p=3074","title":{"rendered":"Svjetski dan socijalnog rada"},"content":{"rendered":"<p>U utorak, 20.03.2018. posjetili smo Centar za socijalnu skrb Kri\u017eevci povodom Svjetskog dana socijalnog rada. Centar za socijalnu skrb je par<span class=\"text_exposed_show\">tner u na\u0161em trogodi\u0161njem programu Poludnevni boravak za odrasle osobe s intelektualnim te\u0161ko\u0107ama, a suradnja se odnosi i na druga podru\u010dja rada. O uslugama koje Centar pru\u017ea i zaposlenicima govorila nam je ravnateljica Sanja Jakopovi\u0107, a Danu otvorenih vrata su se odazvali i predstavnici ustanova, vrti\u0107a i \u0161kola. Ovim posjetom smo upotpunili na\u0161a znanja i dobili poziv za daljnju suradnju.<\/span><\/p>\n<p><a href=\"http:\/\/www.udrugamrkz.hr\/?attachment_id=3075\" rel=\"attachment wp-att-3075\"><img loading=\"lazy\" decoding=\"async\" class=\"alignleft size-medium wp-image-3075\" src=\"http:\/\/www.udrugamrkz.hr\/wp-content\/uploads\/29425173_1430089203769813_452810834284904448_n-300x225.jpg\" alt=\"29425173_1430089203769813_452810834284904448_n\" width=\"300\" height=\"225\" data-id=\"3075\" srcset=\"https:\/\/www.udrugamrkz.hr\/wp-content\/uploads\/29425173_1430089203769813_452810834284904448_n-300x225.jpg 300w, https:\/\/www.udrugamrkz.hr\/wp-content\/uploads\/29425173_1430089203769813_452810834284904448_n.jpg 960w\" sizes=\"(max-width: 300px) 100vw, 300px\" \/><\/a> <a href=\"http:\/\/www.udrugamrkz.hr\/?attachment_id=3076\" rel=\"attachment wp-att-3076\"><img loading=\"lazy\" decoding=\"async\" class=\"alignleft size-medium wp-image-3076\" src=\"http:\/\/www.udrugamrkz.hr\/wp-content\/uploads\/29432434_1430090917102975_5489244821656698880_n-300x225.jpg\" alt=\"29432434_1430090917102975_5489244821656698880_n\" width=\"300\" height=\"225\" data-id=\"3076\" srcset=\"https:\/\/www.udrugamrkz.hr\/wp-content\/uploads\/29432434_1430090917102975_5489244821656698880_n-300x225.jpg 300w, https:\/\/www.udrugamrkz.hr\/wp-content\/uploads\/29432434_1430090917102975_5489244821656698880_n.jpg 960w\" sizes=\"(max-width: 300px) 100vw, 300px\" \/><\/a> <a href=\"http:\/\/www.udrugamrkz.hr\/?attachment_id=3077\" rel=\"attachment wp-att-3077\"><img loading=\"lazy\" decoding=\"async\" class=\"alignleft size-medium wp-image-3077\" src=\"http:\/\/www.udrugamrkz.hr\/wp-content\/uploads\/29496858_1430088953769838_5295547225445761024_n-300x225.jpg\" alt=\"29496858_1430088953769838_5295547225445761024_n\" width=\"300\" height=\"225\" data-id=\"3077\" srcset=\"https:\/\/www.udrugamrkz.hr\/wp-content\/uploads\/29496858_1430088953769838_5295547225445761024_n-300x225.jpg 300w, https:\/\/www.udrugamrkz.hr\/wp-content\/uploads\/29496858_1430088953769838_5295547225445761024_n.jpg 960w\" sizes=\"(max-width: 300px) 100vw, 300px\" \/><\/a><\/p>\n","protected":false},"excerpt":{"rendered":"<p>U utorak, 20.03.2018. posjetili smo Centar za socijalnu skrb Kri\u017eevci povodom Svjetskog dana socijalnog rada. Centar za socijalnu skrb je partner u na\u0161em trogodi\u0161njem programu Poludnevni boravak za odrasle osobe s intelektualnim te\u0161ko\u0107ama, a&#46;&#46;&#46;<\/p>\n","protected":false},"author":1,"featured_media":0,"comment_status":"closed","ping_status":"closed","sticky":false,"template":"","format":"standard","meta":{"ngg_post_thumbnail":0,"footnotes":""},"categories":[1],"tags":[],"_links":{"self":[{"href":"https:\/\/www.udrugamrkz.hr\/index.php?rest_route=\/wp\/v2\/posts\/3074"}],"collection":[{"href":"https:\/\/www.udrugamrkz.hr\/index.php?rest_route=\/wp\/v2\/posts"}],"about":[{"href":"https:\/\/www.udrugamrkz.hr\/index.php?rest_route=\/wp\/v2\/types\/post"}],"author":[{"embeddable":true,"href":"https:\/\/www.udrugamrkz.hr\/index.php?rest_route=\/wp\/v2\/users\/1"}],"replies":[{"embeddable":true,"href":"https:\/\/www.udrugamrkz.hr\/index.php?rest_route=%2Fwp%2Fv2%2Fcomments&post=3074"}],"version-history":[{"count":1,"href":"https:\/\/www.udrugamrkz.hr\/index.php?rest_route=\/wp\/v2\/posts\/3074\/revisions"}],"predecessor-version":[{"id":3078,"href":"https:\/\/www.udrugamrkz.hr\/index.php?rest_route=\/wp\/v2\/posts\/3074\/revisions\/3078"}],"wp:attachment":[{"href":"https:\/\/www.udrugamrkz.hr\/index.php?rest_route=%2Fwp%2Fv2%2Fmedia&parent=3074"}],"wp:term":[{"taxonomy":"category","embeddable":true,"href":"https:\/\/www.udrugamrkz.hr\/index.php?rest_route=%2Fwp%2Fv2%2Fcategories&post=3074"},{"taxonomy":"post_tag","embeddable":true,"href":"https:\/\/www.udrugamrkz.hr\/index.php?rest_route=%2Fwp%2Fv2%2Ftags&post=3074"}],"curies":[{"name":"wp","href":"https:\/\/api.w.org\/{rel}","templated":true}]}}