{"id":292,"date":"2010-04-16T20:20:12","date_gmt":"2010-04-16T19:20:12","guid":{"rendered":"http:\/\/www.udrugamrkz.hr\/?p=292"},"modified":"2010-04-25T20:21:40","modified_gmt":"2010-04-25T19:21:40","slug":"godisnja-skupstina-u-durdevcu","status":"publish","type":"post","link":"https:\/\/www.udrugamrkz.hr\/?p=292","title":{"rendered":"Godi\u0161nja Skup\u0161tina u \u0110ur\u0111evcu"},"content":{"rendered":"<p>Predstavnici na\u0161e Udruge sudjelovali su na godi\u0161njoj Skup\u0161tini Udruge za pomo\u0107 osobama s mentalnom retardacijom \u0110ur\u0111evac. Na\u0161im doma\u0107inima je bilo jako drago \u0161to smo ih posjetili.<\/p>\n","protected":false},"excerpt":{"rendered":"<p>Predstavnici na\u0161e Udruge sudjelovali su na godi\u0161njoj Skup\u0161tini Udruge za pomo\u0107 osobama s mentalnom retardacijom \u0110ur\u0111evac. Na\u0161im doma\u0107inima je bilo jako drago \u0161to smo ih posjetili.<\/p>\n","protected":false},"author":1,"featured_media":0,"comment_status":"closed","ping_status":"closed","sticky":false,"template":"","format":"standard","meta":{"ngg_post_thumbnail":0,"footnotes":""},"categories":[3],"tags":[],"_links":{"self":[{"href":"https:\/\/www.udrugamrkz.hr\/index.php?rest_route=\/wp\/v2\/posts\/292"}],"collection":[{"href":"https:\/\/www.udrugamrkz.hr\/index.php?rest_route=\/wp\/v2\/posts"}],"about":[{"href":"https:\/\/www.udrugamrkz.hr\/index.php?rest_route=\/wp\/v2\/types\/post"}],"author":[{"embeddable":true,"href":"https:\/\/www.udrugamrkz.hr\/index.php?rest_route=\/wp\/v2\/users\/1"}],"replies":[{"embeddable":true,"href":"https:\/\/www.udrugamrkz.hr\/index.php?rest_route=%2Fwp%2Fv2%2Fcomments&post=292"}],"version-history":[{"count":1,"href":"https:\/\/www.udrugamrkz.hr\/index.php?rest_route=\/wp\/v2\/posts\/292\/revisions"}],"predecessor-version":[{"id":293,"href":"https:\/\/www.udrugamrkz.hr\/index.php?rest_route=\/wp\/v2\/posts\/292\/revisions\/293"}],"wp:attachment":[{"href":"https:\/\/www.udrugamrkz.hr\/index.php?rest_route=%2Fwp%2Fv2%2Fmedia&parent=292"}],"wp:term":[{"taxonomy":"category","embeddable":true,"href":"https:\/\/www.udrugamrkz.hr\/index.php?rest_route=%2Fwp%2Fv2%2Fcategories&post=292"},{"taxonomy":"post_tag","embeddable":true,"href":"https:\/\/www.udrugamrkz.hr\/index.php?rest_route=%2Fwp%2Fv2%2Ftags&post=292"}],"curies":[{"name":"wp","href":"https:\/\/api.w.org\/{rel}","templated":true}]}}