{"id":2710,"date":"2017-04-01T10:38:16","date_gmt":"2017-04-01T09:38:16","guid":{"rendered":"http:\/\/www.udrugamrkz.hr\/?p=2710"},"modified":"2017-04-26T10:42:52","modified_gmt":"2017-04-26T09:42:52","slug":"sastanak-s-predstvanicama-mdoms-a","status":"publish","type":"post","link":"https:\/\/www.udrugamrkz.hr\/?p=2710","title":{"rendered":"Sastanak s predstvanicama MDOMS-a"},"content":{"rendered":"<p>U petak, 31.3.2017. predsjednica Udruge Tamara Premu\u0161 i voditeljica Martina Benjak sudjelovale su na sastanku odr\u017eanom u prostorijama Hrvatskog saveza udruga osoba s intelektualnim te\u0161ko\u0107ama u Zagrebu. Sastanak je odr\u017ean s predstavnicama Ministarstva za demografiju, obitelj, mlade i socijalnu politiku, Anicom Je\u017ei\u0107 i Bojanom Anti\u0107-Brzica u vezi Poziva za prijavu prijedloga trogodi\u0161njih programa udruga koje djeluju u podru\u010dju socijalne skrbi pod nazivom \u201cRazvoj i \u0161irenje mre\u017ee socijalnih usluga koje pru\u017eaju udruge\u201d za razdoblje od 2017. do 2020. Na sastanku su sudjelovali predstavnici 17 udruga \u010dlanica Saveza.<\/p>\n<p><a href=\"http:\/\/www.udrugamrkz.hr\/?attachment_id=2711\" rel=\"attachment wp-att-2711\"><img loading=\"lazy\" decoding=\"async\" class=\"alignleft size-medium wp-image-2711\" src=\"http:\/\/www.udrugamrkz.hr\/wp-content\/uploads\/17796259_1113461745432562_5756004107244855747_n-300x225.jpg\" alt=\"17796259_1113461745432562_5756004107244855747_n\" width=\"300\" height=\"225\" data-id=\"2711\" srcset=\"https:\/\/www.udrugamrkz.hr\/wp-content\/uploads\/17796259_1113461745432562_5756004107244855747_n-300x225.jpg 300w, https:\/\/www.udrugamrkz.hr\/wp-content\/uploads\/17796259_1113461745432562_5756004107244855747_n.jpg 960w\" sizes=\"(max-width: 300px) 100vw, 300px\" \/><\/a> <a href=\"http:\/\/www.udrugamrkz.hr\/?attachment_id=2712\" rel=\"attachment wp-att-2712\"><img loading=\"lazy\" decoding=\"async\" class=\"alignleft size-medium wp-image-2712\" src=\"http:\/\/www.udrugamrkz.hr\/wp-content\/uploads\/17800268_1113462192099184_2827711947330351451_n-300x168.jpg\" alt=\"17800268_1113462192099184_2827711947330351451_n\" width=\"300\" height=\"168\" data-id=\"2712\" srcset=\"https:\/\/www.udrugamrkz.hr\/wp-content\/uploads\/17800268_1113462192099184_2827711947330351451_n-300x168.jpg 300w, https:\/\/www.udrugamrkz.hr\/wp-content\/uploads\/17800268_1113462192099184_2827711947330351451_n.jpg 960w\" sizes=\"(max-width: 300px) 100vw, 300px\" \/><\/a><\/p>\n","protected":false},"excerpt":{"rendered":"<p>U petak, 31.3.2017. predsjednica Udruge Tamara Premu\u0161 i voditeljica Martina Benjak sudjelovale su na sastanku odr\u017eanom u prostorijama Hrvatskog saveza udruga osoba s intelektualnim te\u0161ko\u0107ama u Zagrebu. Sastanak je odr\u017ean s predstavnicama Ministarstva za&#46;&#46;&#46;<\/p>\n","protected":false},"author":1,"featured_media":0,"comment_status":"closed","ping_status":"closed","sticky":false,"template":"","format":"standard","meta":{"ngg_post_thumbnail":0,"footnotes":""},"categories":[1],"tags":[],"_links":{"self":[{"href":"https:\/\/www.udrugamrkz.hr\/index.php?rest_route=\/wp\/v2\/posts\/2710"}],"collection":[{"href":"https:\/\/www.udrugamrkz.hr\/index.php?rest_route=\/wp\/v2\/posts"}],"about":[{"href":"https:\/\/www.udrugamrkz.hr\/index.php?rest_route=\/wp\/v2\/types\/post"}],"author":[{"embeddable":true,"href":"https:\/\/www.udrugamrkz.hr\/index.php?rest_route=\/wp\/v2\/users\/1"}],"replies":[{"embeddable":true,"href":"https:\/\/www.udrugamrkz.hr\/index.php?rest_route=%2Fwp%2Fv2%2Fcomments&post=2710"}],"version-history":[{"count":1,"href":"https:\/\/www.udrugamrkz.hr\/index.php?rest_route=\/wp\/v2\/posts\/2710\/revisions"}],"predecessor-version":[{"id":2713,"href":"https:\/\/www.udrugamrkz.hr\/index.php?rest_route=\/wp\/v2\/posts\/2710\/revisions\/2713"}],"wp:attachment":[{"href":"https:\/\/www.udrugamrkz.hr\/index.php?rest_route=%2Fwp%2Fv2%2Fmedia&parent=2710"}],"wp:term":[{"taxonomy":"category","embeddable":true,"href":"https:\/\/www.udrugamrkz.hr\/index.php?rest_route=%2Fwp%2Fv2%2Fcategories&post=2710"},{"taxonomy":"post_tag","embeddable":true,"href":"https:\/\/www.udrugamrkz.hr\/index.php?rest_route=%2Fwp%2Fv2%2Ftags&post=2710"}],"curies":[{"name":"wp","href":"https:\/\/api.w.org\/{rel}","templated":true}]}}