{"id":2564,"date":"2016-12-03T21:24:40","date_gmt":"2016-12-03T20:24:40","guid":{"rendered":"http:\/\/www.udrugamrkz.hr\/?p=2564"},"modified":"2016-12-05T21:26:02","modified_gmt":"2016-12-05T20:26:02","slug":"medunarodni-dan-osoba-s-invaliditetom-3","status":"publish","type":"post","link":"https:\/\/www.udrugamrkz.hr\/?p=2564","title":{"rendered":"Me\u0111unarodni dan osoba s invaliditetom"},"content":{"rendered":"<p>Povodom 3. prosinca, Me\u0111unarodnog dana osoba s invaliditetom proveli smo brojne aktivnosti. Pokraj gradske tr\u017enice organizirali smo prigodnu prodaju radova na\u0161ih \u010dlanova. U Centru za odgoj, obrazovanje i rehabilitaciju priklju\u010dili smo se izradi ukrasa za bo\u017ei\u0107no drvce, a nekoliko na\u0161ih \u010dlanova sudjelovalo je u snimanju najave za na\u0161 humanitarni koncert na Radiju Kri\u017eevci. <span class=\"_47e3 _5mfr\" title=\"smile emotikon\"><img loading=\"lazy\" decoding=\"async\" class=\"img\" src=\"https:\/\/static.xx.fbcdn.net\/images\/emoji.php\/v6\/f4c\/1\/16\/1f642.png\" alt=\"\" width=\"16\" height=\"16\" \/><\/span>\u00a0Vi\u0161e informacija o koncertu slijedi uskoro.<\/p>\n<p>&nbsp;<\/p>\n<p><a href=\"http:\/\/www.udrugamrkz.hr\/?attachment_id=2565\" rel=\"attachment wp-att-2565\"><img loading=\"lazy\" decoding=\"async\" class=\"alignleft size-medium wp-image-2565\" src=\"http:\/\/www.udrugamrkz.hr\/wp-content\/uploads\/13532831_1006627879449283_7312299626997248347_n-300x224.jpg\" alt=\"13532831_1006627879449283_7312299626997248347_n\" width=\"300\" height=\"224\" data-id=\"2565\" srcset=\"https:\/\/www.udrugamrkz.hr\/wp-content\/uploads\/13532831_1006627879449283_7312299626997248347_n-300x224.jpg 300w, https:\/\/www.udrugamrkz.hr\/wp-content\/uploads\/13532831_1006627879449283_7312299626997248347_n.jpg 960w\" sizes=\"(max-width: 300px) 100vw, 300px\" \/><\/a> <a href=\"http:\/\/www.udrugamrkz.hr\/?attachment_id=2566\" rel=\"attachment wp-att-2566\"><img loading=\"lazy\" decoding=\"async\" class=\"alignleft size-medium wp-image-2566\" src=\"http:\/\/www.udrugamrkz.hr\/wp-content\/uploads\/15317985_1006630892782315_5869605923893072428_n-300x169.jpg\" alt=\"15317985_1006630892782315_5869605923893072428_n\" width=\"300\" height=\"169\" data-id=\"2566\" srcset=\"https:\/\/www.udrugamrkz.hr\/wp-content\/uploads\/15317985_1006630892782315_5869605923893072428_n-300x169.jpg 300w, https:\/\/www.udrugamrkz.hr\/wp-content\/uploads\/15317985_1006630892782315_5869605923893072428_n.jpg 960w\" sizes=\"(max-width: 300px) 100vw, 300px\" \/><\/a> <a href=\"http:\/\/www.udrugamrkz.hr\/?attachment_id=2567\" rel=\"attachment wp-att-2567\"><img loading=\"lazy\" decoding=\"async\" class=\"alignleft size-medium wp-image-2567\" src=\"http:\/\/www.udrugamrkz.hr\/wp-content\/uploads\/15267574_1006627899449281_3546266391778863897_n-300x224.jpg\" alt=\"15267574_1006627899449281_3546266391778863897_n\" width=\"300\" height=\"224\" data-id=\"2567\" srcset=\"https:\/\/www.udrugamrkz.hr\/wp-content\/uploads\/15267574_1006627899449281_3546266391778863897_n-300x224.jpg 300w, https:\/\/www.udrugamrkz.hr\/wp-content\/uploads\/15267574_1006627899449281_3546266391778863897_n.jpg 960w\" sizes=\"(max-width: 300px) 100vw, 300px\" \/><\/a> <a href=\"http:\/\/www.udrugamrkz.hr\/?attachment_id=2568\" rel=\"attachment wp-att-2568\"><img loading=\"lazy\" decoding=\"async\" class=\"alignleft size-medium wp-image-2568\" src=\"http:\/\/www.udrugamrkz.hr\/wp-content\/uploads\/15285049_1006665462778858_2988744757657203139_n-300x179.jpg\" alt=\"15285049_1006665462778858_2988744757657203139_n\" width=\"300\" height=\"179\" data-id=\"2568\" srcset=\"https:\/\/www.udrugamrkz.hr\/wp-content\/uploads\/15285049_1006665462778858_2988744757657203139_n-300x179.jpg 300w, https:\/\/www.udrugamrkz.hr\/wp-content\/uploads\/15285049_1006665462778858_2988744757657203139_n.jpg 744w\" sizes=\"(max-width: 300px) 100vw, 300px\" \/><\/a><\/p>\n","protected":false},"excerpt":{"rendered":"<p>Povodom 3. prosinca, Me\u0111unarodnog dana osoba s invaliditetom proveli smo brojne aktivnosti. Pokraj gradske tr\u017enice organizirali smo prigodnu prodaju radova na\u0161ih \u010dlanova. U Centru za odgoj, obrazovanje i rehabilitaciju priklju\u010dili smo se izradi ukrasa&#46;&#46;&#46;<\/p>\n","protected":false},"author":1,"featured_media":0,"comment_status":"closed","ping_status":"closed","sticky":false,"template":"","format":"standard","meta":{"ngg_post_thumbnail":0,"footnotes":""},"categories":[1],"tags":[],"_links":{"self":[{"href":"https:\/\/www.udrugamrkz.hr\/index.php?rest_route=\/wp\/v2\/posts\/2564"}],"collection":[{"href":"https:\/\/www.udrugamrkz.hr\/index.php?rest_route=\/wp\/v2\/posts"}],"about":[{"href":"https:\/\/www.udrugamrkz.hr\/index.php?rest_route=\/wp\/v2\/types\/post"}],"author":[{"embeddable":true,"href":"https:\/\/www.udrugamrkz.hr\/index.php?rest_route=\/wp\/v2\/users\/1"}],"replies":[{"embeddable":true,"href":"https:\/\/www.udrugamrkz.hr\/index.php?rest_route=%2Fwp%2Fv2%2Fcomments&post=2564"}],"version-history":[{"count":1,"href":"https:\/\/www.udrugamrkz.hr\/index.php?rest_route=\/wp\/v2\/posts\/2564\/revisions"}],"predecessor-version":[{"id":2569,"href":"https:\/\/www.udrugamrkz.hr\/index.php?rest_route=\/wp\/v2\/posts\/2564\/revisions\/2569"}],"wp:attachment":[{"href":"https:\/\/www.udrugamrkz.hr\/index.php?rest_route=%2Fwp%2Fv2%2Fmedia&parent=2564"}],"wp:term":[{"taxonomy":"category","embeddable":true,"href":"https:\/\/www.udrugamrkz.hr\/index.php?rest_route=%2Fwp%2Fv2%2Fcategories&post=2564"},{"taxonomy":"post_tag","embeddable":true,"href":"https:\/\/www.udrugamrkz.hr\/index.php?rest_route=%2Fwp%2Fv2%2Ftags&post=2564"}],"curies":[{"name":"wp","href":"https:\/\/api.w.org\/{rel}","templated":true}]}}