{"id":2501,"date":"2016-08-25T10:56:40","date_gmt":"2016-08-25T09:56:40","guid":{"rendered":"http:\/\/www.udrugamrkz.hr\/?p=2501"},"modified":"2016-09-26T11:00:43","modified_gmt":"2016-09-26T10:00:43","slug":"zavrsna-konferencija-projekta-rukom-pod-ruku","status":"publish","type":"post","link":"https:\/\/www.udrugamrkz.hr\/?p=2501","title":{"rendered":"Zavr\u0161na konferencija projekta &#8220;Rukom pod ruku&#8221;"},"content":{"rendered":"<p>U multimedijskoj dvorani Gradske knji\u017enice \u201eFranjo Markovi\u0107\u201c dana 25.08.2016.god je odr\u017eana zavr\u0161na konferencija u sklopu projekta \u201cRukom pod ruku\u201c. Kroz ovaj projekt koji je provodila Udruga \u201eMasla\u010dak\u201c u partnerstvu s Centrom za socijalnu skrb Kri\u017eevci i Osnovnom \u0161kolom Ljudevita Modeca Kri\u017eevci, djeci oboljeloj od cerebralne paralize osigurani su odgovaraju\u0107i edukacijsko-rehabilitacijski tretmani i kineziterapija. Uz redoviti odlazak djece na bazene u Koprivnicu i Kri\u017eevce, osigurana je i patrona\u017ea za djecu \u010diji roditelji nisu bili u mogu\u0107nosti dovoziti djecu na predvi\u0111ene tretmane. Projekt je predstavila predsjednica Udruge Tamara Premu\u0161 naglasiv\u0161i kako je iznimno zadovoljna polu\u010denim rezultatima i odazivom roditelja na suradnju. Navedeni tretmani osim \u0161to su oja\u010dali motori\u010dke sposobnosti djece doprinijeli su i pobolj\u0161anju kvalitete svakodnevnog \u017eivota. Osim Ministartava znanosti, obrazovanja i sporta koje je financiralo projekt u iznosu od 90.000,00 kuna i time podmirilo financijsku komponentu projekta, pomo\u0107 roditelja djece korisnika programa pokazala se kao najva\u017enija komponenta uspje\u0161nosti realizacije istog.\u00a0Uz predsjednicu i voditelje projekta, konferenciji su prisutvovali i gradona\u010delnik Brano Hrg, njegov zamjenik Tomislav Katanovi\u0107 i ravnatelj Osnovne \u0161kole Ljudevita Modeca Dra\u017een Bokan. Gradona\u010delnik je tom prilikom uputio \u010destitike svima koji su na bilo koji na\u010din potpomogli u realizaciji projekta naglasiv\u0161i kako sve gradske ustanove trebaju \u0161to vi\u0161e provoditi ovakve i sli\u010dne programe jer se njima ja\u010da veza izme\u0111u roditelja i djece te ujedno sprje\u010dava mogu\u0107a opasnost od otu\u0111enja jednih od drugih kao posljedica razvoja suvremenih tehnologija.<\/p>\n<p><a href=\"http:\/\/www.udrugamrkz.hr\/?attachment_id=2502\" rel=\"attachment wp-att-2502\"><img loading=\"lazy\" decoding=\"async\" class=\"alignleft size-medium wp-image-2502\" src=\"http:\/\/www.udrugamrkz.hr\/wp-content\/uploads\/IMG_2317-300x225.jpg\" alt=\"img_2317\" width=\"300\" height=\"225\" data-id=\"2502\" srcset=\"https:\/\/www.udrugamrkz.hr\/wp-content\/uploads\/IMG_2317-300x225.jpg 300w, https:\/\/www.udrugamrkz.hr\/wp-content\/uploads\/IMG_2317.jpg 533w\" sizes=\"(max-width: 300px) 100vw, 300px\" \/><\/a> <a href=\"http:\/\/www.udrugamrkz.hr\/?attachment_id=2503\" rel=\"attachment wp-att-2503\"><img loading=\"lazy\" decoding=\"async\" class=\"alignleft size-medium wp-image-2503\" src=\"http:\/\/www.udrugamrkz.hr\/wp-content\/uploads\/IMG_2321-300x225.jpg\" alt=\"img_2321\" width=\"300\" height=\"225\" data-id=\"2503\" srcset=\"https:\/\/www.udrugamrkz.hr\/wp-content\/uploads\/IMG_2321-300x225.jpg 300w, https:\/\/www.udrugamrkz.hr\/wp-content\/uploads\/IMG_2321-1024x768.jpg 1024w, https:\/\/www.udrugamrkz.hr\/wp-content\/uploads\/IMG_2321.jpg 2048w\" sizes=\"(max-width: 300px) 100vw, 300px\" \/><\/a> <a href=\"http:\/\/www.udrugamrkz.hr\/?attachment_id=2504\" rel=\"attachment wp-att-2504\"><img loading=\"lazy\" decoding=\"async\" class=\"alignleft size-medium wp-image-2504\" src=\"http:\/\/www.udrugamrkz.hr\/wp-content\/uploads\/IMG_2325-300x225.jpg\" alt=\"img_2325\" width=\"300\" height=\"225\" data-id=\"2504\" srcset=\"https:\/\/www.udrugamrkz.hr\/wp-content\/uploads\/IMG_2325-300x225.jpg 300w, https:\/\/www.udrugamrkz.hr\/wp-content\/uploads\/IMG_2325.jpg 533w\" sizes=\"(max-width: 300px) 100vw, 300px\" \/><\/a> <a href=\"http:\/\/www.udrugamrkz.hr\/?attachment_id=2505\" rel=\"attachment wp-att-2505\"><img loading=\"lazy\" decoding=\"async\" class=\"alignleft size-medium wp-image-2505\" src=\"http:\/\/www.udrugamrkz.hr\/wp-content\/uploads\/IMG_2338-300x225.jpg\" alt=\"img_2338\" width=\"300\" height=\"225\" data-id=\"2505\" srcset=\"https:\/\/www.udrugamrkz.hr\/wp-content\/uploads\/IMG_2338-300x225.jpg 300w, https:\/\/www.udrugamrkz.hr\/wp-content\/uploads\/IMG_2338.jpg 533w\" sizes=\"(max-width: 300px) 100vw, 300px\" \/><\/a><\/p>\n","protected":false},"excerpt":{"rendered":"<p>U multimedijskoj dvorani Gradske knji\u017enice \u201eFranjo Markovi\u0107\u201c dana 25.08.2016.god je odr\u017eana zavr\u0161na konferencija u sklopu projekta \u201cRukom pod ruku\u201c. Kroz ovaj projekt koji je provodila Udruga \u201eMasla\u010dak\u201c u partnerstvu s Centrom za socijalnu skrb&#46;&#46;&#46;<\/p>\n","protected":false},"author":1,"featured_media":0,"comment_status":"closed","ping_status":"closed","sticky":false,"template":"","format":"standard","meta":{"ngg_post_thumbnail":0,"footnotes":""},"categories":[1],"tags":[],"_links":{"self":[{"href":"https:\/\/www.udrugamrkz.hr\/index.php?rest_route=\/wp\/v2\/posts\/2501"}],"collection":[{"href":"https:\/\/www.udrugamrkz.hr\/index.php?rest_route=\/wp\/v2\/posts"}],"about":[{"href":"https:\/\/www.udrugamrkz.hr\/index.php?rest_route=\/wp\/v2\/types\/post"}],"author":[{"embeddable":true,"href":"https:\/\/www.udrugamrkz.hr\/index.php?rest_route=\/wp\/v2\/users\/1"}],"replies":[{"embeddable":true,"href":"https:\/\/www.udrugamrkz.hr\/index.php?rest_route=%2Fwp%2Fv2%2Fcomments&post=2501"}],"version-history":[{"count":2,"href":"https:\/\/www.udrugamrkz.hr\/index.php?rest_route=\/wp\/v2\/posts\/2501\/revisions"}],"predecessor-version":[{"id":2507,"href":"https:\/\/www.udrugamrkz.hr\/index.php?rest_route=\/wp\/v2\/posts\/2501\/revisions\/2507"}],"wp:attachment":[{"href":"https:\/\/www.udrugamrkz.hr\/index.php?rest_route=%2Fwp%2Fv2%2Fmedia&parent=2501"}],"wp:term":[{"taxonomy":"category","embeddable":true,"href":"https:\/\/www.udrugamrkz.hr\/index.php?rest_route=%2Fwp%2Fv2%2Fcategories&post=2501"},{"taxonomy":"post_tag","embeddable":true,"href":"https:\/\/www.udrugamrkz.hr\/index.php?rest_route=%2Fwp%2Fv2%2Ftags&post=2501"}],"curies":[{"name":"wp","href":"https:\/\/api.w.org\/{rel}","templated":true}]}}