{"id":2495,"date":"2016-08-26T10:52:03","date_gmt":"2016-08-26T09:52:03","guid":{"rendered":"http:\/\/www.udrugamrkz.hr\/?p=2495"},"modified":"2016-09-26T10:55:49","modified_gmt":"2016-09-26T09:55:49","slug":"zavrsna-konferencija-projekta-moj-korak-do-samostalnosti","status":"publish","type":"post","link":"https:\/\/www.udrugamrkz.hr\/?p=2495","title":{"rendered":"Zavr\u0161na konferencija projekta &#8220;Moj korak do samostalnosti&#8221;"},"content":{"rendered":"<p>U petak, 26.08.2016. odr\u017eana je zavr\u0161na konferencija projekta &#8220;Moj korak do samostalnosti&#8221; u \u010cakovcu. Projekt je financiran od strane Europske unije, a nositelj je Udruga osoba s IT Me\u0111imurske \u017eupanije dok je na\u0161a Udruga partner kao i Razvojna agencija Grada \u010cakovca \u010cAKRA. Projekt traje do 31.08.2016., a zapo\u010deo je 01.07.2015. U projektu je sudjelovalo deset na\u0161ih \u010dlanova, od kojih je troje bilo smje\u0161teno u stambenu zajednicu. U organiziranom stanovanju su imali mogu\u0107nost isk<span class=\"text_exposed_show\">usiti samostalno \u017eivljenje izvan roditeljskih domova i institucija, uz potporu i pa\u017enju asistenata i stru\u010dnih suradnika. Tijekom boravka u stambenoj zajednici pokazali su veliki napredak u smislu osamostaljenja, brige o sebi kao i adekvatnog su\u017eivota s drugim stanarima. Ostali \u010dlanovi Udruge su sudjelovali na radionicama &#8211; Samozastupanje, Informatika, Sam svoj majstor i Samostalno \u017eivljenje. Svi zajedno su kroz projekt stekli nova znanja, iskustva, vje\u0161tine i nove prijatelje. Nakon konferencije uslijedilo je dru\u017eenje u stambenoj zajednici.<\/span><\/p>\n<p><a href=\"http:\/\/www.udrugamrkz.hr\/?attachment_id=2496\" rel=\"attachment wp-att-2496\"><img loading=\"lazy\" decoding=\"async\" class=\"alignleft size-medium wp-image-2496\" src=\"http:\/\/www.udrugamrkz.hr\/wp-content\/uploads\/14067596_919661154812623_1030706221763105159_n-224x300.jpg\" alt=\"14067596_919661154812623_1030706221763105159_n\" width=\"224\" height=\"300\" data-id=\"2496\" srcset=\"https:\/\/www.udrugamrkz.hr\/wp-content\/uploads\/14067596_919661154812623_1030706221763105159_n-224x300.jpg 224w, https:\/\/www.udrugamrkz.hr\/wp-content\/uploads\/14067596_919661154812623_1030706221763105159_n.jpg 718w\" sizes=\"(max-width: 224px) 100vw, 224px\" \/><\/a><a href=\"http:\/\/www.udrugamrkz.hr\/?attachment_id=2497\" rel=\"attachment wp-att-2497\"><img loading=\"lazy\" decoding=\"async\" class=\"alignleft size-medium wp-image-2497\" src=\"http:\/\/www.udrugamrkz.hr\/wp-content\/uploads\/14067720_919661351479270_7567444937503630209_n-300x224.jpg\" alt=\"14067720_919661351479270_7567444937503630209_n\" width=\"300\" height=\"224\" data-id=\"2497\" srcset=\"https:\/\/www.udrugamrkz.hr\/wp-content\/uploads\/14067720_919661351479270_7567444937503630209_n-300x224.jpg 300w, https:\/\/www.udrugamrkz.hr\/wp-content\/uploads\/14067720_919661351479270_7567444937503630209_n.jpg 960w\" sizes=\"(max-width: 300px) 100vw, 300px\" \/><\/a> <a href=\"http:\/\/www.udrugamrkz.hr\/?attachment_id=2498\" rel=\"attachment wp-att-2498\"><img loading=\"lazy\" decoding=\"async\" class=\"alignleft size-medium wp-image-2498\" src=\"http:\/\/www.udrugamrkz.hr\/wp-content\/uploads\/14079844_919661158145956_7412029990254820728_n-300x224.jpg\" alt=\"14079844_919661158145956_7412029990254820728_n\" width=\"300\" height=\"224\" data-id=\"2498\" srcset=\"https:\/\/www.udrugamrkz.hr\/wp-content\/uploads\/14079844_919661158145956_7412029990254820728_n-300x224.jpg 300w, https:\/\/www.udrugamrkz.hr\/wp-content\/uploads\/14079844_919661158145956_7412029990254820728_n.jpg 960w\" sizes=\"(max-width: 300px) 100vw, 300px\" \/><\/a> <a href=\"http:\/\/www.udrugamrkz.hr\/?attachment_id=2499\" rel=\"attachment wp-att-2499\"><img loading=\"lazy\" decoding=\"async\" class=\"alignleft size-medium wp-image-2499\" src=\"http:\/\/www.udrugamrkz.hr\/wp-content\/uploads\/14192632_919661284812610_510326244020037354_n-300x224.jpg\" alt=\"14192632_919661284812610_510326244020037354_n\" width=\"300\" height=\"224\" data-id=\"2499\" srcset=\"https:\/\/www.udrugamrkz.hr\/wp-content\/uploads\/14192632_919661284812610_510326244020037354_n-300x224.jpg 300w, https:\/\/www.udrugamrkz.hr\/wp-content\/uploads\/14192632_919661284812610_510326244020037354_n.jpg 960w\" sizes=\"(max-width: 300px) 100vw, 300px\" \/><\/a><\/p>\n","protected":false},"excerpt":{"rendered":"<p>U petak, 26.08.2016. odr\u017eana je zavr\u0161na konferencija projekta &#8220;Moj korak do samostalnosti&#8221; u \u010cakovcu. Projekt je financiran od strane Europske unije, a nositelj je Udruga osoba s IT Me\u0111imurske \u017eupanije dok je na\u0161a Udruga&#46;&#46;&#46;<\/p>\n","protected":false},"author":1,"featured_media":0,"comment_status":"closed","ping_status":"closed","sticky":false,"template":"","format":"standard","meta":{"ngg_post_thumbnail":0,"footnotes":""},"categories":[1],"tags":[],"_links":{"self":[{"href":"https:\/\/www.udrugamrkz.hr\/index.php?rest_route=\/wp\/v2\/posts\/2495"}],"collection":[{"href":"https:\/\/www.udrugamrkz.hr\/index.php?rest_route=\/wp\/v2\/posts"}],"about":[{"href":"https:\/\/www.udrugamrkz.hr\/index.php?rest_route=\/wp\/v2\/types\/post"}],"author":[{"embeddable":true,"href":"https:\/\/www.udrugamrkz.hr\/index.php?rest_route=\/wp\/v2\/users\/1"}],"replies":[{"embeddable":true,"href":"https:\/\/www.udrugamrkz.hr\/index.php?rest_route=%2Fwp%2Fv2%2Fcomments&post=2495"}],"version-history":[{"count":1,"href":"https:\/\/www.udrugamrkz.hr\/index.php?rest_route=\/wp\/v2\/posts\/2495\/revisions"}],"predecessor-version":[{"id":2500,"href":"https:\/\/www.udrugamrkz.hr\/index.php?rest_route=\/wp\/v2\/posts\/2495\/revisions\/2500"}],"wp:attachment":[{"href":"https:\/\/www.udrugamrkz.hr\/index.php?rest_route=%2Fwp%2Fv2%2Fmedia&parent=2495"}],"wp:term":[{"taxonomy":"category","embeddable":true,"href":"https:\/\/www.udrugamrkz.hr\/index.php?rest_route=%2Fwp%2Fv2%2Fcategories&post=2495"},{"taxonomy":"post_tag","embeddable":true,"href":"https:\/\/www.udrugamrkz.hr\/index.php?rest_route=%2Fwp%2Fv2%2Ftags&post=2495"}],"curies":[{"name":"wp","href":"https:\/\/api.w.org\/{rel}","templated":true}]}}