{"id":2393,"date":"2016-03-29T10:27:00","date_gmt":"2016-03-29T09:27:00","guid":{"rendered":"http:\/\/www.udrugamrkz.hr\/?p=2393"},"modified":"2016-05-06T10:30:19","modified_gmt":"2016-05-06T09:30:19","slug":"drustveno-poduzetnistvo","status":"publish","type":"post","link":"https:\/\/www.udrugamrkz.hr\/?p=2393","title":{"rendered":"Dru\u0161tveno poduzetni\u0161tvo"},"content":{"rendered":"<p>U utorak, 29.03.2016. predsjednica Udruge Tamara Premu\u0161 sudjelovala je na cjelodnevnoj radionici o dru\u0161tvenom poduzetni\u0161tvu u organizaciji Programa JAKO. Na radionici su sudjelovali predstavnici udruga i neprofitnih organizacija sa podru\u010dja Koprivni\u010dko &#8211; kri\u017eeva\u010dke \u017eupanije. Uz teoretski dio &#8211; od ideje do dru\u0161tvenog poduze\u0107a kroz zadatke i vje\u017ebe usvojili smo nova znanja o poduzetnicima, poduze\u0107ima te govorili o primjerima dobre prakse. Voditeljice radionice su bile Zrinka \u0160ajn i Sun\u010dana Glavina Petri\u010devi\u0107 iz Autonomnog centra \u010cakovec.<\/p>\n<p><a href=\"http:\/\/www.udrugamrkz.hr\/?attachment_id=2394\" rel=\"attachment wp-att-2394\"><img loading=\"lazy\" decoding=\"async\" class=\"alignleft size-medium wp-image-2394\" src=\"http:\/\/www.udrugamrkz.hr\/wp-content\/uploads\/12512770_830403987071674_6581247483088270799_n-300x225.jpg\" alt=\"12512770_830403987071674_6581247483088270799_n\" width=\"300\" height=\"225\" data-id=\"2394\" srcset=\"https:\/\/www.udrugamrkz.hr\/wp-content\/uploads\/12512770_830403987071674_6581247483088270799_n-300x225.jpg 300w, https:\/\/www.udrugamrkz.hr\/wp-content\/uploads\/12512770_830403987071674_6581247483088270799_n.jpg 960w\" sizes=\"(max-width: 300px) 100vw, 300px\" \/><\/a> <a href=\"http:\/\/www.udrugamrkz.hr\/?attachment_id=2395\" rel=\"attachment wp-att-2395\"><img loading=\"lazy\" decoding=\"async\" class=\"alignleft size-medium wp-image-2395\" src=\"http:\/\/www.udrugamrkz.hr\/wp-content\/uploads\/12804707_830403980405008_3607060055821084924_n-300x225.jpg\" alt=\"12804707_830403980405008_3607060055821084924_n\" width=\"300\" height=\"225\" data-id=\"2395\" srcset=\"https:\/\/www.udrugamrkz.hr\/wp-content\/uploads\/12804707_830403980405008_3607060055821084924_n-300x225.jpg 300w, https:\/\/www.udrugamrkz.hr\/wp-content\/uploads\/12804707_830403980405008_3607060055821084924_n.jpg 960w\" sizes=\"(max-width: 300px) 100vw, 300px\" \/><\/a> <a href=\"http:\/\/www.udrugamrkz.hr\/?attachment_id=2396\" rel=\"attachment wp-att-2396\"><img loading=\"lazy\" decoding=\"async\" class=\"alignleft size-medium wp-image-2396\" src=\"http:\/\/www.udrugamrkz.hr\/wp-content\/uploads\/12670715_830403690405037_3433590370962464972_n-300x225.jpg\" alt=\"12670715_830403690405037_3433590370962464972_n\" width=\"300\" height=\"225\" data-id=\"2396\" srcset=\"https:\/\/www.udrugamrkz.hr\/wp-content\/uploads\/12670715_830403690405037_3433590370962464972_n-300x225.jpg 300w, https:\/\/www.udrugamrkz.hr\/wp-content\/uploads\/12670715_830403690405037_3433590370962464972_n.jpg 960w\" sizes=\"(max-width: 300px) 100vw, 300px\" \/><\/a> <a href=\"http:\/\/www.udrugamrkz.hr\/?attachment_id=2397\" rel=\"attachment wp-att-2397\"><img loading=\"lazy\" decoding=\"async\" class=\"alignleft size-medium wp-image-2397\" src=\"http:\/\/www.udrugamrkz.hr\/wp-content\/uploads\/5318_830403990405007_8537508967465331906_n-300x225.jpg\" alt=\"5318_830403990405007_8537508967465331906_n\" width=\"300\" height=\"225\" data-id=\"2397\" srcset=\"https:\/\/www.udrugamrkz.hr\/wp-content\/uploads\/5318_830403990405007_8537508967465331906_n-300x225.jpg 300w, https:\/\/www.udrugamrkz.hr\/wp-content\/uploads\/5318_830403990405007_8537508967465331906_n.jpg 960w\" sizes=\"(max-width: 300px) 100vw, 300px\" \/><\/a> <a href=\"http:\/\/www.udrugamrkz.hr\/?attachment_id=2398\" rel=\"attachment wp-att-2398\"><img loading=\"lazy\" decoding=\"async\" class=\"alignleft size-medium wp-image-2398\" src=\"http:\/\/www.udrugamrkz.hr\/wp-content\/uploads\/12294696_830404033738336_3693186272520807943_n-300x225.jpg\" alt=\"12294696_830404033738336_3693186272520807943_n\" width=\"300\" height=\"225\" data-id=\"2398\" srcset=\"https:\/\/www.udrugamrkz.hr\/wp-content\/uploads\/12294696_830404033738336_3693186272520807943_n-300x225.jpg 300w, https:\/\/www.udrugamrkz.hr\/wp-content\/uploads\/12294696_830404033738336_3693186272520807943_n.jpg 960w\" sizes=\"(max-width: 300px) 100vw, 300px\" \/><\/a><\/p>\n","protected":false},"excerpt":{"rendered":"<p>U utorak, 29.03.2016. predsjednica Udruge Tamara Premu\u0161 sudjelovala je na cjelodnevnoj radionici o dru\u0161tvenom poduzetni\u0161tvu u organizaciji Programa JAKO. Na radionici su sudjelovali predstavnici udruga i neprofitnih organizacija sa podru\u010dja Koprivni\u010dko &#8211; kri\u017eeva\u010dke \u017eupanije.&#46;&#46;&#46;<\/p>\n","protected":false},"author":1,"featured_media":0,"comment_status":"closed","ping_status":"closed","sticky":false,"template":"","format":"standard","meta":{"ngg_post_thumbnail":0,"footnotes":""},"categories":[1],"tags":[],"_links":{"self":[{"href":"https:\/\/www.udrugamrkz.hr\/index.php?rest_route=\/wp\/v2\/posts\/2393"}],"collection":[{"href":"https:\/\/www.udrugamrkz.hr\/index.php?rest_route=\/wp\/v2\/posts"}],"about":[{"href":"https:\/\/www.udrugamrkz.hr\/index.php?rest_route=\/wp\/v2\/types\/post"}],"author":[{"embeddable":true,"href":"https:\/\/www.udrugamrkz.hr\/index.php?rest_route=\/wp\/v2\/users\/1"}],"replies":[{"embeddable":true,"href":"https:\/\/www.udrugamrkz.hr\/index.php?rest_route=%2Fwp%2Fv2%2Fcomments&post=2393"}],"version-history":[{"count":1,"href":"https:\/\/www.udrugamrkz.hr\/index.php?rest_route=\/wp\/v2\/posts\/2393\/revisions"}],"predecessor-version":[{"id":2399,"href":"https:\/\/www.udrugamrkz.hr\/index.php?rest_route=\/wp\/v2\/posts\/2393\/revisions\/2399"}],"wp:attachment":[{"href":"https:\/\/www.udrugamrkz.hr\/index.php?rest_route=%2Fwp%2Fv2%2Fmedia&parent=2393"}],"wp:term":[{"taxonomy":"category","embeddable":true,"href":"https:\/\/www.udrugamrkz.hr\/index.php?rest_route=%2Fwp%2Fv2%2Fcategories&post=2393"},{"taxonomy":"post_tag","embeddable":true,"href":"https:\/\/www.udrugamrkz.hr\/index.php?rest_route=%2Fwp%2Fv2%2Ftags&post=2393"}],"curies":[{"name":"wp","href":"https:\/\/api.w.org\/{rel}","templated":true}]}}