{"id":2307,"date":"2016-03-20T20:08:15","date_gmt":"2016-03-20T19:08:15","guid":{"rendered":"http:\/\/www.udrugamrkz.hr\/?p=2307"},"modified":"2016-03-20T20:08:15","modified_gmt":"2016-03-20T19:08:15","slug":"medunarodni-dan-osoba-sa-sindromom-down","status":"publish","type":"post","link":"https:\/\/www.udrugamrkz.hr\/?p=2307","title":{"rendered":"Me\u0111unarodni dan osoba sa sindromom Down"},"content":{"rendered":"<p style=\"text-align: justify;\">U \u010detvrtak (17.03.2016.) \u010dlanove Udruge &#8220;Masla\u010dak&#8221; Kri\u017eevci primio je zamjenik gradona\u010delnika Tomislav Katanovi\u0107 povodom Me\u0111unarodnog dana osoba sa sindromom Down koji se obilje\u017eava 21.03. Ujedinjeni narodi (UN) su 10.studenog 2011. prihvatili predlo\u017eenu rezoluciju i donijeli odluku da se 21.03. obilje\u017eava kao Me\u0111unarodni dan osoba sa sindromom Down. Datum 21.03. predstavlja 3 reprodukcije 21. kromosoma \u0161to je glavno genetsko obilje\u017eje osoba sa sindromom Down, a koji sprje\u010dav<span class=\"text_exposed_show\">a normalni fizi\u010dki i mentalni razvoj djeteta, odnosno osobe. Republika Hrvatska je sudjelovala u podr\u0161ci predlo\u017eene rezolucije na zamolbu i Hrvatske zajednice za Down sindrom. U Udruzi &#8220;Masla\u010dak&#8221; Kri\u017eevci je deset osoba sa sindromom Down koje uz podr\u0161ku prema svojim mogu\u0107nostima sudjeluju u raznim aktivnostima koje Udruga provodi. Unato\u010d velikim pote\u0161ko\u0107ama s kojima se susre\u0107u, i unato\u010d mnogostrukim predrasudama, danas se osobe s Down sindromom sve bolje integriraju u dru\u0161tvo, \u0161tovi\u0161e najve\u0107i broj ljudi ih, upravo poradi njihove posebnosti i simpati\u010dnosti, smatra velikim blagoslovom. Predsjednica Udruge Tamara Premu\u0161 je zahvalila na gostoprimstvu, te ukratko ispri\u010dala o aktivnostima koje su u Udruzi u tijeku i o planovima. Svi zajedno su zamjeniku gradona\u010delnika po\u017eeljeli sretan Uskrs i uru\u010dili poklon koji je nastao u kreativnoj radionici.<\/span><\/p>\n<p style=\"text-align: justify;\"><a href=\"http:\/\/www.udrugamrkz.hr\/?attachment_id=2309\" rel=\"attachment wp-att-2309\"><img loading=\"lazy\" decoding=\"async\" class=\"alignleft size-medium wp-image-2309\" src=\"http:\/\/www.udrugamrkz.hr\/wp-content\/uploads\/12819362_819495304829209_2412340491324376762_o-300x224.jpg\" alt=\"12819362_819495304829209_2412340491324376762_o\" width=\"300\" height=\"224\" data-id=\"2309\" srcset=\"https:\/\/www.udrugamrkz.hr\/wp-content\/uploads\/12819362_819495304829209_2412340491324376762_o-300x224.jpg 300w, https:\/\/www.udrugamrkz.hr\/wp-content\/uploads\/12819362_819495304829209_2412340491324376762_o-1024x766.jpg 1024w, https:\/\/www.udrugamrkz.hr\/wp-content\/uploads\/12819362_819495304829209_2412340491324376762_o.jpg 1144w\" sizes=\"(max-width: 300px) 100vw, 300px\" \/><\/a><a href=\"http:\/\/www.udrugamrkz.hr\/?attachment_id=2308\" rel=\"attachment wp-att-2308\"><img loading=\"lazy\" decoding=\"async\" class=\"alignleft size-medium wp-image-2308\" src=\"http:\/\/www.udrugamrkz.hr\/wp-content\/uploads\/IMAG6363-180x300.jpg\" alt=\"IMAG6363\" width=\"180\" height=\"300\" data-id=\"2308\" srcset=\"https:\/\/www.udrugamrkz.hr\/wp-content\/uploads\/IMAG6363-180x300.jpg 180w, https:\/\/www.udrugamrkz.hr\/wp-content\/uploads\/IMAG6363-613x1024.jpg 613w, https:\/\/www.udrugamrkz.hr\/wp-content\/uploads\/IMAG6363.jpg 1552w\" sizes=\"(max-width: 180px) 100vw, 180px\" \/><\/a><a href=\"http:\/\/www.udrugamrkz.hr\/?attachment_id=2310\" rel=\"attachment wp-att-2310\"><img loading=\"lazy\" decoding=\"async\" class=\"alignleft size-medium wp-image-2310\" src=\"http:\/\/www.udrugamrkz.hr\/wp-content\/uploads\/856984_819495298162543_6013975694927921906_o-300x224.jpg\" alt=\"856984_819495298162543_6013975694927921906_o\" width=\"300\" height=\"224\" data-id=\"2310\" srcset=\"https:\/\/www.udrugamrkz.hr\/wp-content\/uploads\/856984_819495298162543_6013975694927921906_o-300x224.jpg 300w, https:\/\/www.udrugamrkz.hr\/wp-content\/uploads\/856984_819495298162543_6013975694927921906_o-1024x766.jpg 1024w, https:\/\/www.udrugamrkz.hr\/wp-content\/uploads\/856984_819495298162543_6013975694927921906_o.jpg 1144w\" sizes=\"(max-width: 300px) 100vw, 300px\" \/><\/a><a href=\"http:\/\/www.udrugamrkz.hr\/?attachment_id=2311\" rel=\"attachment wp-att-2311\"><img loading=\"lazy\" decoding=\"async\" class=\"alignleft size-medium wp-image-2311\" src=\"http:\/\/www.udrugamrkz.hr\/wp-content\/uploads\/12513710_819495348162538_2958078407204621368_o-300x224.jpg\" alt=\"12513710_819495348162538_2958078407204621368_o\" width=\"300\" height=\"224\" data-id=\"2311\" srcset=\"https:\/\/www.udrugamrkz.hr\/wp-content\/uploads\/12513710_819495348162538_2958078407204621368_o-300x224.jpg 300w, https:\/\/www.udrugamrkz.hr\/wp-content\/uploads\/12513710_819495348162538_2958078407204621368_o-1024x766.jpg 1024w, https:\/\/www.udrugamrkz.hr\/wp-content\/uploads\/12513710_819495348162538_2958078407204621368_o.jpg 1144w\" sizes=\"(max-width: 300px) 100vw, 300px\" \/><\/a><a href=\"http:\/\/www.udrugamrkz.hr\/?attachment_id=2312\" rel=\"attachment wp-att-2312\"><img loading=\"lazy\" decoding=\"async\" class=\"alignleft size-medium wp-image-2312\" src=\"http:\/\/www.udrugamrkz.hr\/wp-content\/uploads\/12841205_819495364829203_1821121651169525282_o-300x224.jpg\" alt=\"12841205_819495364829203_1821121651169525282_o\" width=\"300\" height=\"224\" data-id=\"2312\" srcset=\"https:\/\/www.udrugamrkz.hr\/wp-content\/uploads\/12841205_819495364829203_1821121651169525282_o-300x224.jpg 300w, https:\/\/www.udrugamrkz.hr\/wp-content\/uploads\/12841205_819495364829203_1821121651169525282_o-1024x766.jpg 1024w, https:\/\/www.udrugamrkz.hr\/wp-content\/uploads\/12841205_819495364829203_1821121651169525282_o.jpg 1144w\" sizes=\"(max-width: 300px) 100vw, 300px\" \/><\/a><\/p>\n<p style=\"text-align: justify;\">\n","protected":false},"excerpt":{"rendered":"<p>U \u010detvrtak (17.03.2016.) \u010dlanove Udruge &#8220;Masla\u010dak&#8221; Kri\u017eevci primio je zamjenik gradona\u010delnika Tomislav Katanovi\u0107 povodom Me\u0111unarodnog dana osoba sa sindromom Down koji se obilje\u017eava 21.03. Ujedinjeni narodi (UN) su 10.studenog 2011. prihvatili predlo\u017eenu rezoluciju i&#46;&#46;&#46;<\/p>\n","protected":false},"author":1,"featured_media":0,"comment_status":"closed","ping_status":"closed","sticky":false,"template":"","format":"standard","meta":{"ngg_post_thumbnail":0,"footnotes":""},"categories":[1],"tags":[],"_links":{"self":[{"href":"https:\/\/www.udrugamrkz.hr\/index.php?rest_route=\/wp\/v2\/posts\/2307"}],"collection":[{"href":"https:\/\/www.udrugamrkz.hr\/index.php?rest_route=\/wp\/v2\/posts"}],"about":[{"href":"https:\/\/www.udrugamrkz.hr\/index.php?rest_route=\/wp\/v2\/types\/post"}],"author":[{"embeddable":true,"href":"https:\/\/www.udrugamrkz.hr\/index.php?rest_route=\/wp\/v2\/users\/1"}],"replies":[{"embeddable":true,"href":"https:\/\/www.udrugamrkz.hr\/index.php?rest_route=%2Fwp%2Fv2%2Fcomments&post=2307"}],"version-history":[{"count":1,"href":"https:\/\/www.udrugamrkz.hr\/index.php?rest_route=\/wp\/v2\/posts\/2307\/revisions"}],"predecessor-version":[{"id":2366,"href":"https:\/\/www.udrugamrkz.hr\/index.php?rest_route=\/wp\/v2\/posts\/2307\/revisions\/2366"}],"wp:attachment":[{"href":"https:\/\/www.udrugamrkz.hr\/index.php?rest_route=%2Fwp%2Fv2%2Fmedia&parent=2307"}],"wp:term":[{"taxonomy":"category","embeddable":true,"href":"https:\/\/www.udrugamrkz.hr\/index.php?rest_route=%2Fwp%2Fv2%2Fcategories&post=2307"},{"taxonomy":"post_tag","embeddable":true,"href":"https:\/\/www.udrugamrkz.hr\/index.php?rest_route=%2Fwp%2Fv2%2Ftags&post=2307"}],"curies":[{"name":"wp","href":"https:\/\/api.w.org\/{rel}","templated":true}]}}