{"id":2251,"date":"2015-11-26T17:11:06","date_gmt":"2015-11-26T16:11:06","guid":{"rendered":"http:\/\/www.udrugamrkz.hr\/?p=2251"},"modified":"2016-01-17T17:25:05","modified_gmt":"2016-01-17T16:25:05","slug":"projekt-rukom-pod-ruku","status":"publish","type":"post","link":"https:\/\/www.udrugamrkz.hr\/?p=2251","title":{"rendered":"Projekt &#8220;Rukom pod ruku&#8221; &#8211; 01.11.2015.-31.08.2016."},"content":{"rendered":"<p><strong>&#8220;Rukom pod ruku&#8221; <\/strong>&#8211; projekt financira Ministarstvo znanosti, obrazovanja i sporta sa 90.000,00 kuna u razdoblju od 01.11.2015. do 31.08.2016. godine.<\/p>\n<p>Partneri na projektu su Osnovna \u0161kola &#8220;Ljudevita Modeca&#8221; Kri\u017eevci i Centar za socijalnu skrb Kri\u017eevci.<\/p>\n<p>Specifi\u010dni ciljevi projekta su.<\/p>\n<ol>\n<li><em> Unaprijediti \u017eivotne vje\u0161tine i sposobnosti djece i mladih s te\u0161ko\u0107ama u razvoju<\/em><\/li>\n<li><em> Poticati kreativnost i stvarala\u0161tvo kod djece i mladih s te\u0161ko\u0107ama u razvoju<\/em><\/li>\n<li><em> Educirati obitelji djece i mladih s te\u0161ko\u0107ama u razvoju o njihovim mogu\u0107nostima<\/em><\/li>\n<li><em> Uklju\u010diti volontere u aktivnosti projekta<\/em><\/li>\n<\/ol>\n<p style=\"text-align: justify;\">U \u010detvrtak, 26. studenog 2015. godine odr\u017eali smo po\u010detnu konferenciju projekta &#8220;Rukom pod ruku&#8221;. Ciljevi projekta su kroz brojne rehabilitacijske, sportske i kreativne aktivnosti doprinijeti pobolj\u0161anju kompetencija djece i mladih s te\u0161ko\u0107ama u razvoju. Konferenciji su prisustvovali roditelji i udomitelji djece i mladih koji sudjeluju u projektu te predstavnici<a href=\"http:\/\/www.udrugamrkz.hr\/?attachment_id=2255\" rel=\"attachment wp-att-2255\"><img loading=\"lazy\" decoding=\"async\" class=\"alignleft size-medium wp-image-2255\" src=\"http:\/\/www.udrugamrkz.hr\/wp-content\/uploads\/12289509_766863160092424_821468516263123647_n-300x225.jpg\" alt=\"12289509_766863160092424_821468516263123647_n\" width=\"300\" height=\"225\" data-id=\"2255\" srcset=\"https:\/\/www.udrugamrkz.hr\/wp-content\/uploads\/12289509_766863160092424_821468516263123647_n-300x225.jpg 300w, https:\/\/www.udrugamrkz.hr\/wp-content\/uploads\/12289509_766863160092424_821468516263123647_n.jpg 960w\" sizes=\"(max-width: 300px) 100vw, 300px\" \/><\/a> udruga i institucija sa kojima Udruga sura\u0111uje.<\/p>\n<p style=\"text-align: justify;\"><a href=\"http:\/\/www.udrugamrkz.hr\/?attachment_id=2252\" rel=\"attachment wp-att-2252\"><img loading=\"lazy\" decoding=\"async\" class=\"alignleft size-medium wp-image-2252\" src=\"http:\/\/www.udrugamrkz.hr\/wp-content\/uploads\/12301542_766863576759049_9018003541611482509_n-1-300x225.jpg\" alt=\"12301542_766863576759049_9018003541611482509_n (1)\" width=\"300\" height=\"225\" data-id=\"2252\" srcset=\"https:\/\/www.udrugamrkz.hr\/wp-content\/uploads\/12301542_766863576759049_9018003541611482509_n-1-300x225.jpg 300w, https:\/\/www.udrugamrkz.hr\/wp-content\/uploads\/12301542_766863576759049_9018003541611482509_n-1.jpg 960w\" sizes=\"(max-width: 300px) 100vw, 300px\" \/><\/a> <a href=\"http:\/\/www.udrugamrkz.hr\/?attachment_id=2253\" rel=\"attachment wp-att-2253\"><img loading=\"lazy\" decoding=\"async\" class=\"alignleft size-medium wp-image-2253\" src=\"http:\/\/www.udrugamrkz.hr\/wp-content\/uploads\/12310567_766863373425736_8707585418249271509_n-300x225.jpg\" alt=\"12310567_766863373425736_8707585418249271509_n\" width=\"300\" height=\"225\" data-id=\"2253\" srcset=\"https:\/\/www.udrugamrkz.hr\/wp-content\/uploads\/12310567_766863373425736_8707585418249271509_n-300x225.jpg 300w, https:\/\/www.udrugamrkz.hr\/wp-content\/uploads\/12310567_766863373425736_8707585418249271509_n.jpg 960w\" sizes=\"(max-width: 300px) 100vw, 300px\" \/><\/a> <a href=\"http:\/\/www.udrugamrkz.hr\/?attachment_id=2254\" rel=\"attachment wp-att-2254\"><img loading=\"lazy\" decoding=\"async\" class=\"alignleft size-medium wp-image-2254\" src=\"http:\/\/www.udrugamrkz.hr\/wp-content\/uploads\/12313731_766862760092464_6427876929078378654_n-300x225.jpg\" alt=\"12313731_766862760092464_6427876929078378654_n\" width=\"300\" height=\"225\" data-id=\"2254\" srcset=\"https:\/\/www.udrugamrkz.hr\/wp-content\/uploads\/12313731_766862760092464_6427876929078378654_n-300x225.jpg 300w, https:\/\/www.udrugamrkz.hr\/wp-content\/uploads\/12313731_766862760092464_6427876929078378654_n.jpg 960w\" sizes=\"(max-width: 300px) 100vw, 300px\" \/><\/a><\/p>\n","protected":false},"excerpt":{"rendered":"<p>&#8220;Rukom pod ruku&#8221; &#8211; projekt financira Ministarstvo znanosti, obrazovanja i sporta sa 90.000,00 kuna u razdoblju od 01.11.2015. do 31.08.2016. godine. Partneri na projektu su Osnovna \u0161kola &#8220;Ljudevita Modeca&#8221; Kri\u017eevci i Centar za socijalnu&#46;&#46;&#46;<\/p>\n","protected":false},"author":1,"featured_media":0,"comment_status":"closed","ping_status":"closed","sticky":false,"template":"","format":"standard","meta":{"ngg_post_thumbnail":0,"footnotes":""},"categories":[1],"tags":[],"_links":{"self":[{"href":"https:\/\/www.udrugamrkz.hr\/index.php?rest_route=\/wp\/v2\/posts\/2251"}],"collection":[{"href":"https:\/\/www.udrugamrkz.hr\/index.php?rest_route=\/wp\/v2\/posts"}],"about":[{"href":"https:\/\/www.udrugamrkz.hr\/index.php?rest_route=\/wp\/v2\/types\/post"}],"author":[{"embeddable":true,"href":"https:\/\/www.udrugamrkz.hr\/index.php?rest_route=\/wp\/v2\/users\/1"}],"replies":[{"embeddable":true,"href":"https:\/\/www.udrugamrkz.hr\/index.php?rest_route=%2Fwp%2Fv2%2Fcomments&post=2251"}],"version-history":[{"count":4,"href":"https:\/\/www.udrugamrkz.hr\/index.php?rest_route=\/wp\/v2\/posts\/2251\/revisions"}],"predecessor-version":[{"id":2261,"href":"https:\/\/www.udrugamrkz.hr\/index.php?rest_route=\/wp\/v2\/posts\/2251\/revisions\/2261"}],"wp:attachment":[{"href":"https:\/\/www.udrugamrkz.hr\/index.php?rest_route=%2Fwp%2Fv2%2Fmedia&parent=2251"}],"wp:term":[{"taxonomy":"category","embeddable":true,"href":"https:\/\/www.udrugamrkz.hr\/index.php?rest_route=%2Fwp%2Fv2%2Fcategories&post=2251"},{"taxonomy":"post_tag","embeddable":true,"href":"https:\/\/www.udrugamrkz.hr\/index.php?rest_route=%2Fwp%2Fv2%2Ftags&post=2251"}],"curies":[{"name":"wp","href":"https:\/\/api.w.org\/{rel}","templated":true}]}}