{"id":2229,"date":"2015-12-04T16:57:22","date_gmt":"2015-12-04T15:57:22","guid":{"rendered":"http:\/\/www.udrugamrkz.hr\/?p=2229"},"modified":"2016-01-17T16:58:36","modified_gmt":"2016-01-17T15:58:36","slug":"medunarodni-dan-osoba-s-invaliditetom-2","status":"publish","type":"post","link":"https:\/\/www.udrugamrkz.hr\/?p=2229","title":{"rendered":"Me\u0111unarodni dan osoba s invaliditetom"},"content":{"rendered":"<p style=\"text-align: justify;\">Prigodnom izlo\u017ebom i prodajom radova koje su izradili na\u0161i \u010dlanovi i vrijedni volonteri obilje\u017eili smo 03.12. Me\u0111unarodni dan osoba s invaliditetom te 05.12. Me\u0111unarodni dan volontera. Hvala svima koji su nam podr\u0161ka i koji doprinose na\u0161em radu!!<\/p>\n<p style=\"text-align: justify;\"><a href=\"http:\/\/www.udrugamrkz.hr\/?attachment_id=2230\" rel=\"attachment wp-att-2230\"><img loading=\"lazy\" decoding=\"async\" class=\"alignleft size-medium wp-image-2230\" src=\"http:\/\/www.udrugamrkz.hr\/wp-content\/uploads\/12311081_771230346322372_4649286433292191306_n-300x225.jpg\" alt=\"12311081_771230346322372_4649286433292191306_n\" width=\"300\" height=\"225\" data-id=\"2230\" srcset=\"https:\/\/www.udrugamrkz.hr\/wp-content\/uploads\/12311081_771230346322372_4649286433292191306_n-300x225.jpg 300w, https:\/\/www.udrugamrkz.hr\/wp-content\/uploads\/12311081_771230346322372_4649286433292191306_n.jpg 960w\" sizes=\"(max-width: 300px) 100vw, 300px\" \/><\/a><\/p>\n","protected":false},"excerpt":{"rendered":"<p>Prigodnom izlo\u017ebom i prodajom radova koje su izradili na\u0161i \u010dlanovi i vrijedni volonteri obilje\u017eili smo 03.12. Me\u0111unarodni dan osoba s invaliditetom te 05.12. Me\u0111unarodni dan volontera. Hvala svima koji su nam podr\u0161ka i koji&#46;&#46;&#46;<\/p>\n","protected":false},"author":1,"featured_media":0,"comment_status":"closed","ping_status":"closed","sticky":false,"template":"","format":"standard","meta":{"ngg_post_thumbnail":0,"footnotes":""},"categories":[1],"tags":[],"_links":{"self":[{"href":"https:\/\/www.udrugamrkz.hr\/index.php?rest_route=\/wp\/v2\/posts\/2229"}],"collection":[{"href":"https:\/\/www.udrugamrkz.hr\/index.php?rest_route=\/wp\/v2\/posts"}],"about":[{"href":"https:\/\/www.udrugamrkz.hr\/index.php?rest_route=\/wp\/v2\/types\/post"}],"author":[{"embeddable":true,"href":"https:\/\/www.udrugamrkz.hr\/index.php?rest_route=\/wp\/v2\/users\/1"}],"replies":[{"embeddable":true,"href":"https:\/\/www.udrugamrkz.hr\/index.php?rest_route=%2Fwp%2Fv2%2Fcomments&post=2229"}],"version-history":[{"count":1,"href":"https:\/\/www.udrugamrkz.hr\/index.php?rest_route=\/wp\/v2\/posts\/2229\/revisions"}],"predecessor-version":[{"id":2231,"href":"https:\/\/www.udrugamrkz.hr\/index.php?rest_route=\/wp\/v2\/posts\/2229\/revisions\/2231"}],"wp:attachment":[{"href":"https:\/\/www.udrugamrkz.hr\/index.php?rest_route=%2Fwp%2Fv2%2Fmedia&parent=2229"}],"wp:term":[{"taxonomy":"category","embeddable":true,"href":"https:\/\/www.udrugamrkz.hr\/index.php?rest_route=%2Fwp%2Fv2%2Fcategories&post=2229"},{"taxonomy":"post_tag","embeddable":true,"href":"https:\/\/www.udrugamrkz.hr\/index.php?rest_route=%2Fwp%2Fv2%2Ftags&post=2229"}],"curies":[{"name":"wp","href":"https:\/\/api.w.org\/{rel}","templated":true}]}}