{"id":2149,"date":"2015-10-07T19:17:55","date_gmt":"2015-10-07T18:17:55","guid":{"rendered":"http:\/\/www.udrugamrkz.hr\/?p=2149"},"modified":"2015-11-18T19:23:15","modified_gmt":"2015-11-18T18:23:15","slug":"zavrsna-konferencija-projekta-dequal","status":"publish","type":"post","link":"https:\/\/www.udrugamrkz.hr\/?p=2149","title":{"rendered":"Zavr\u0161na konferencija projekta DEQUAL"},"content":{"rendered":"<p style=\"text-align: justify;\">\u00a0\u00a0\u00a0 U srijedu, 07. listopada u Vrbovcu je odr\u017eana zavr\u0161na konferencija projekta DEQUAL \u010diji je nositelj Centar za rehabilitaciju Stan\u010di\u0107,a partneri Centar za socijalnu skrb Vrbovec, Centar za socijalnu skrb Kri\u017eevci, Udruga osoba s invaliditetom Kri\u017eevci te na\u0161a Udruga. Na konferenciji su osim svih partnera na projektu bili prisutni i udomitelji koji su sudjelovali u projektu, predstavnici institucija te udruga. Nakon uvodnih govora ravnateljice, voditelja projekta i partneri su <span class=\"text_exposed_hide\">&#8230;<\/span><span class=\"text_exposed_show\">mogli govoriti o svojim iskustvima. Ispred na\u0161e Udruge govorila je predsjednica Tamara Premu\u0161 istaknuv\u0161i kako je sudjelovanje u ovom EU projektu bilo veliko iskustvo za Udrugu i prilika za stjecanje novih znanja. Svoja izlaganja o udomiteljstvu imale su i gospo\u0111a Ana Butkovi\u0107 iz Ministarstva socijalne politike i mladih te doc.dr.sc. Maja Laklija sa Pravnog fakulteta Sveu\u010dili\u0161ta u Zagrebu &#8211; Katedra za podru\u010dje socijalnog rada. Konferenciji su osim predsjednice prisustvovale i \u010detiri predstavnice Udruge &#8211; Ivana i Nada Domitrovi\u0107, Martina Benjak i Andrea Soka\u010d.<\/span><\/p>\n<p style=\"text-align: justify;\"><a href=\"http:\/\/www.udrugamrkz.hr\/?attachment_id=2150\" rel=\"attachment wp-att-2150\"><img loading=\"lazy\" decoding=\"async\" class=\"alignleft size-medium wp-image-2150\" src=\"http:\/\/www.udrugamrkz.hr\/wp-content\/uploads\/12112180_748372945274779_438511583137044863_n-300x225.jpg\" alt=\"12112180_748372945274779_438511583137044863_n\" width=\"300\" height=\"225\" data-id=\"2150\" srcset=\"https:\/\/www.udrugamrkz.hr\/wp-content\/uploads\/12112180_748372945274779_438511583137044863_n-300x225.jpg 300w, https:\/\/www.udrugamrkz.hr\/wp-content\/uploads\/12112180_748372945274779_438511583137044863_n.jpg 960w\" sizes=\"(max-width: 300px) 100vw, 300px\" \/><\/a> <a href=\"http:\/\/www.udrugamrkz.hr\/?attachment_id=2151\" rel=\"attachment wp-att-2151\"><img loading=\"lazy\" decoding=\"async\" class=\"alignleft size-medium wp-image-2151\" src=\"http:\/\/www.udrugamrkz.hr\/wp-content\/uploads\/12115984_748372921941448_6171724271369499292_n-300x225.jpg\" alt=\"12115984_748372921941448_6171724271369499292_n\" width=\"300\" height=\"225\" data-id=\"2151\" srcset=\"https:\/\/www.udrugamrkz.hr\/wp-content\/uploads\/12115984_748372921941448_6171724271369499292_n-300x225.jpg 300w, https:\/\/www.udrugamrkz.hr\/wp-content\/uploads\/12115984_748372921941448_6171724271369499292_n.jpg 960w\" sizes=\"(max-width: 300px) 100vw, 300px\" \/><\/a> <a href=\"http:\/\/www.udrugamrkz.hr\/?attachment_id=2152\" rel=\"attachment wp-att-2152\"><img loading=\"lazy\" decoding=\"async\" class=\"alignleft size-medium wp-image-2152\" src=\"http:\/\/www.udrugamrkz.hr\/wp-content\/uploads\/12143265_748372998608107_1600681586122155534_n-300x225.jpg\" alt=\"12143265_748372998608107_1600681586122155534_n\" width=\"300\" height=\"225\" data-id=\"2152\" srcset=\"https:\/\/www.udrugamrkz.hr\/wp-content\/uploads\/12143265_748372998608107_1600681586122155534_n-300x225.jpg 300w, https:\/\/www.udrugamrkz.hr\/wp-content\/uploads\/12143265_748372998608107_1600681586122155534_n.jpg 960w\" sizes=\"(max-width: 300px) 100vw, 300px\" \/><\/a><\/p>\n","protected":false},"excerpt":{"rendered":"<p>\u00a0\u00a0\u00a0 U srijedu, 07. listopada u Vrbovcu je odr\u017eana zavr\u0161na konferencija projekta DEQUAL \u010diji je nositelj Centar za rehabilitaciju Stan\u010di\u0107,a partneri Centar za socijalnu skrb Vrbovec, Centar za socijalnu skrb Kri\u017eevci, Udruga osoba s&#46;&#46;&#46;<\/p>\n","protected":false},"author":1,"featured_media":0,"comment_status":"closed","ping_status":"closed","sticky":false,"template":"","format":"standard","meta":{"ngg_post_thumbnail":0,"footnotes":""},"categories":[1],"tags":[],"_links":{"self":[{"href":"https:\/\/www.udrugamrkz.hr\/index.php?rest_route=\/wp\/v2\/posts\/2149"}],"collection":[{"href":"https:\/\/www.udrugamrkz.hr\/index.php?rest_route=\/wp\/v2\/posts"}],"about":[{"href":"https:\/\/www.udrugamrkz.hr\/index.php?rest_route=\/wp\/v2\/types\/post"}],"author":[{"embeddable":true,"href":"https:\/\/www.udrugamrkz.hr\/index.php?rest_route=\/wp\/v2\/users\/1"}],"replies":[{"embeddable":true,"href":"https:\/\/www.udrugamrkz.hr\/index.php?rest_route=%2Fwp%2Fv2%2Fcomments&post=2149"}],"version-history":[{"count":1,"href":"https:\/\/www.udrugamrkz.hr\/index.php?rest_route=\/wp\/v2\/posts\/2149\/revisions"}],"predecessor-version":[{"id":2153,"href":"https:\/\/www.udrugamrkz.hr\/index.php?rest_route=\/wp\/v2\/posts\/2149\/revisions\/2153"}],"wp:attachment":[{"href":"https:\/\/www.udrugamrkz.hr\/index.php?rest_route=%2Fwp%2Fv2%2Fmedia&parent=2149"}],"wp:term":[{"taxonomy":"category","embeddable":true,"href":"https:\/\/www.udrugamrkz.hr\/index.php?rest_route=%2Fwp%2Fv2%2Fcategories&post=2149"},{"taxonomy":"post_tag","embeddable":true,"href":"https:\/\/www.udrugamrkz.hr\/index.php?rest_route=%2Fwp%2Fv2%2Ftags&post=2149"}],"curies":[{"name":"wp","href":"https:\/\/api.w.org\/{rel}","templated":true}]}}