{"id":2134,"date":"2015-11-04T19:03:25","date_gmt":"2015-11-04T18:03:25","guid":{"rendered":"http:\/\/www.udrugamrkz.hr\/?p=2134"},"modified":"2015-11-18T19:06:17","modified_gmt":"2015-11-18T18:06:17","slug":"edukacija-standardi-kvalitete-socijalnih-usluga","status":"publish","type":"post","link":"https:\/\/www.udrugamrkz.hr\/?p=2134","title":{"rendered":"Edukacija  \u201eStandardi kvalitete socijalnih usluga&#8221;"},"content":{"rendered":"<p style=\"text-align: justify;\">\u00a0\u00a0\u00a0\u00a0 U srijedu 04. studenog u Kri\u017eevcima je odr\u017eana je jednodnevna edukacija \u201eStandardi kvalitete socijalnih usluga\u201c na kojoj su sudjelovali predstavnici pru\u017eatelja socijalnih usluga iz Vara\u017edinske, Me\u0111imurske i Koprivni\u010dko\u2013kri\u017eeva\u010dke \u017eupanije. Edukacija je bila namijenjena pru\u017eateljima socijalnih usluga koji nemaju sklopljen ugovor, a \u017eele sudjelovati u pregovorima za sklapanje ugovora s Ministarstvom socijalne politike i mladih o pru\u017eanju socijalnih usluga u mre\u017ei. Edukaciju je odr\u017eala predstavnica Ministarstva socijalne politike i mladih Sadika Grozdani\u0107. Udrugu &#8220;Masla\u010dak&#8221; Kri\u017eevci je predstavljala predsjednica Tamara Premu\u0161.<\/p>\n<p style=\"text-align: justify;\"><a href=\"http:\/\/www.udrugamrkz.hr\/?attachment_id=2135\" rel=\"attachment wp-att-2135\"><img loading=\"lazy\" decoding=\"async\" class=\"alignleft size-medium wp-image-2135\" src=\"http:\/\/www.udrugamrkz.hr\/wp-content\/uploads\/12189894_758815934230480_1171348880032502924_n-300x225.jpg\" alt=\"12189894_758815934230480_1171348880032502924_n\" width=\"300\" height=\"225\" data-id=\"2135\" srcset=\"https:\/\/www.udrugamrkz.hr\/wp-content\/uploads\/12189894_758815934230480_1171348880032502924_n-300x225.jpg 300w, https:\/\/www.udrugamrkz.hr\/wp-content\/uploads\/12189894_758815934230480_1171348880032502924_n.jpg 960w\" sizes=\"(max-width: 300px) 100vw, 300px\" \/><\/a> <a href=\"http:\/\/www.udrugamrkz.hr\/?attachment_id=2136\" rel=\"attachment wp-att-2136\"><img loading=\"lazy\" decoding=\"async\" class=\"alignleft size-medium wp-image-2136\" src=\"http:\/\/www.udrugamrkz.hr\/wp-content\/uploads\/12190909_758815774230496_6560964225238302681_n-300x225.jpg\" alt=\"12190909_758815774230496_6560964225238302681_n\" width=\"300\" height=\"225\" data-id=\"2136\" srcset=\"https:\/\/www.udrugamrkz.hr\/wp-content\/uploads\/12190909_758815774230496_6560964225238302681_n-300x225.jpg 300w, https:\/\/www.udrugamrkz.hr\/wp-content\/uploads\/12190909_758815774230496_6560964225238302681_n.jpg 960w\" sizes=\"(max-width: 300px) 100vw, 300px\" \/><\/a><\/p>\n","protected":false},"excerpt":{"rendered":"<p>\u00a0\u00a0\u00a0\u00a0 U srijedu 04. studenog u Kri\u017eevcima je odr\u017eana je jednodnevna edukacija \u201eStandardi kvalitete socijalnih usluga\u201c na kojoj su sudjelovali predstavnici pru\u017eatelja socijalnih usluga iz Vara\u017edinske, Me\u0111imurske i Koprivni\u010dko\u2013kri\u017eeva\u010dke \u017eupanije. Edukacija je bila namijenjena&#46;&#46;&#46;<\/p>\n","protected":false},"author":1,"featured_media":0,"comment_status":"closed","ping_status":"closed","sticky":false,"template":"","format":"standard","meta":{"ngg_post_thumbnail":0,"footnotes":""},"categories":[5],"tags":[],"_links":{"self":[{"href":"https:\/\/www.udrugamrkz.hr\/index.php?rest_route=\/wp\/v2\/posts\/2134"}],"collection":[{"href":"https:\/\/www.udrugamrkz.hr\/index.php?rest_route=\/wp\/v2\/posts"}],"about":[{"href":"https:\/\/www.udrugamrkz.hr\/index.php?rest_route=\/wp\/v2\/types\/post"}],"author":[{"embeddable":true,"href":"https:\/\/www.udrugamrkz.hr\/index.php?rest_route=\/wp\/v2\/users\/1"}],"replies":[{"embeddable":true,"href":"https:\/\/www.udrugamrkz.hr\/index.php?rest_route=%2Fwp%2Fv2%2Fcomments&post=2134"}],"version-history":[{"count":1,"href":"https:\/\/www.udrugamrkz.hr\/index.php?rest_route=\/wp\/v2\/posts\/2134\/revisions"}],"predecessor-version":[{"id":2137,"href":"https:\/\/www.udrugamrkz.hr\/index.php?rest_route=\/wp\/v2\/posts\/2134\/revisions\/2137"}],"wp:attachment":[{"href":"https:\/\/www.udrugamrkz.hr\/index.php?rest_route=%2Fwp%2Fv2%2Fmedia&parent=2134"}],"wp:term":[{"taxonomy":"category","embeddable":true,"href":"https:\/\/www.udrugamrkz.hr\/index.php?rest_route=%2Fwp%2Fv2%2Fcategories&post=2134"},{"taxonomy":"post_tag","embeddable":true,"href":"https:\/\/www.udrugamrkz.hr\/index.php?rest_route=%2Fwp%2Fv2%2Ftags&post=2134"}],"curies":[{"name":"wp","href":"https:\/\/api.w.org\/{rel}","templated":true}]}}