{"id":2073,"date":"2015-09-07T13:04:38","date_gmt":"2015-09-07T12:04:38","guid":{"rendered":"http:\/\/www.udrugamrkz.hr\/?p=2073"},"modified":"2015-09-19T13:11:36","modified_gmt":"2015-09-19T12:11:36","slug":"15-susret-osoba-s-invaliditetom-hrvatske-krizevci-2015","status":"publish","type":"post","link":"https:\/\/www.udrugamrkz.hr\/?p=2073","title":{"rendered":"15. Susret osoba s invaliditetom Hrvatske &#8220;Kri\u017eevci 2015&#8221;"},"content":{"rendered":"<p style=\"text-align: justify;\">Predsjednica Udruge sudjelovala je\u00a0u ponedjeljak 07.09.2015. god.\u00a0na 15. Susretu osoba s invaliditetom Hrvatske &#8220;Kri\u017eevci 2015&#8221; u organizaciji Udruge osoba s invaliditetom Kri\u017eevci. \u010clanovi Udruge su prisustvovali na svetoj misi koju je predvodio kardinal Josip Bozani\u0107 povodom svetkovine svetog Marka Kri\u017eev\u010danina, a uprili\u010dili smo i prigodnu prodaju radova s ciljem promocije rada Udruge na Nem\u010di\u0107evom trgu.<\/p>\n<p style=\"text-align: justify;\"><a href=\"http:\/\/www.udrugamrkz.hr\/?attachment_id=2074\" rel=\"attachment wp-att-2074\"><img loading=\"lazy\" decoding=\"async\" class=\"alignleft size-medium wp-image-2074\" src=\"http:\/\/www.udrugamrkz.hr\/wp-content\/uploads\/DSCN4995-300x225.jpg\" alt=\"DSCN4995\" width=\"300\" height=\"225\" data-id=\"2074\" \/><\/a> <a href=\"http:\/\/www.udrugamrkz.hr\/?attachment_id=2075\" rel=\"attachment wp-att-2075\"><img loading=\"lazy\" decoding=\"async\" class=\"alignleft size-medium wp-image-2075\" src=\"http:\/\/www.udrugamrkz.hr\/wp-content\/uploads\/DSCN5014-300x225.jpg\" alt=\"DSCN5014\" width=\"300\" height=\"225\" data-id=\"2075\" \/><\/a> <a href=\"http:\/\/www.udrugamrkz.hr\/?attachment_id=2076\" rel=\"attachment wp-att-2076\"><img loading=\"lazy\" decoding=\"async\" class=\"alignleft size-medium wp-image-2076\" src=\"http:\/\/www.udrugamrkz.hr\/wp-content\/uploads\/DSCN5043-300x225.jpg\" alt=\"DSCN5043\" width=\"300\" height=\"225\" data-id=\"2076\" \/><\/a> <a href=\"http:\/\/www.udrugamrkz.hr\/?attachment_id=2077\" rel=\"attachment wp-att-2077\"><img loading=\"lazy\" decoding=\"async\" class=\"alignleft size-medium wp-image-2077\" src=\"http:\/\/www.udrugamrkz.hr\/wp-content\/uploads\/DSCN5050-300x225.jpg\" alt=\"DSCN5050\" width=\"300\" height=\"225\" data-id=\"2077\" \/><\/a><\/p>\n","protected":false},"excerpt":{"rendered":"<p>Predsjednica Udruge sudjelovala je\u00a0u ponedjeljak 07.09.2015. god.\u00a0na 15. Susretu osoba s invaliditetom Hrvatske &#8220;Kri\u017eevci 2015&#8221; u organizaciji Udruge osoba s invaliditetom Kri\u017eevci. \u010clanovi Udruge su prisustvovali na svetoj misi koju je predvodio kardinal Josip&#46;&#46;&#46;<\/p>\n","protected":false},"author":1,"featured_media":0,"comment_status":"closed","ping_status":"closed","sticky":false,"template":"","format":"standard","meta":{"ngg_post_thumbnail":0,"footnotes":""},"categories":[1],"tags":[],"_links":{"self":[{"href":"https:\/\/www.udrugamrkz.hr\/index.php?rest_route=\/wp\/v2\/posts\/2073"}],"collection":[{"href":"https:\/\/www.udrugamrkz.hr\/index.php?rest_route=\/wp\/v2\/posts"}],"about":[{"href":"https:\/\/www.udrugamrkz.hr\/index.php?rest_route=\/wp\/v2\/types\/post"}],"author":[{"embeddable":true,"href":"https:\/\/www.udrugamrkz.hr\/index.php?rest_route=\/wp\/v2\/users\/1"}],"replies":[{"embeddable":true,"href":"https:\/\/www.udrugamrkz.hr\/index.php?rest_route=%2Fwp%2Fv2%2Fcomments&post=2073"}],"version-history":[{"count":1,"href":"https:\/\/www.udrugamrkz.hr\/index.php?rest_route=\/wp\/v2\/posts\/2073\/revisions"}],"predecessor-version":[{"id":2078,"href":"https:\/\/www.udrugamrkz.hr\/index.php?rest_route=\/wp\/v2\/posts\/2073\/revisions\/2078"}],"wp:attachment":[{"href":"https:\/\/www.udrugamrkz.hr\/index.php?rest_route=%2Fwp%2Fv2%2Fmedia&parent=2073"}],"wp:term":[{"taxonomy":"category","embeddable":true,"href":"https:\/\/www.udrugamrkz.hr\/index.php?rest_route=%2Fwp%2Fv2%2Fcategories&post=2073"},{"taxonomy":"post_tag","embeddable":true,"href":"https:\/\/www.udrugamrkz.hr\/index.php?rest_route=%2Fwp%2Fv2%2Ftags&post=2073"}],"curies":[{"name":"wp","href":"https:\/\/api.w.org\/{rel}","templated":true}]}}