{"id":2050,"date":"2015-04-05T14:55:21","date_gmt":"2015-04-05T13:55:21","guid":{"rendered":"http:\/\/www.udrugamrkz.hr\/?p=2050"},"modified":"2016-01-17T17:17:36","modified_gmt":"2016-01-17T16:17:36","slug":"upoznajte-nas-i-nase-mogucnosti-01-01-2015-31-12-2015","status":"publish","type":"post","link":"https:\/\/www.udrugamrkz.hr\/?p=2050","title":{"rendered":"&#8220;Upoznajte nas i na\u0161e mogu\u0107nosti&#8221; 01.01.2015.-31.12.2015."},"content":{"rendered":"<p style=\"text-align: justify;\">Projekt je sufinanciran sredstvima HEP-a d.d. Projekt je usmjeren na potrebe 15 osoba s intelektualnim te\u0161ko\u0107ama koje nisu uklju\u010dene ni u jedan oblik skrbi niti u aktivnosti primjerene njima. Korisnici su zavr\u0161ili svoje redovito, formalno obrazovanje u COOR-u Kri\u017eevci prete\u017eno su na stupnju lake i umjerene mentalne retardacije, s udru\u017eenim te\u0161ko\u0107ama te su svi iznad 21.god.Nekima je oduzeta radna sposobnost te na\u017ealost nisu konkurentni na tr\u017ei\u0161tu rada pa ovim projektom \u017eelimo doprinijeti pobolj\u0161anju kvalitete njihova \u017eivota. Ovaj projekt odgovara na njihove potrebe za uklju\u010deno\u0161\u0107u u \u017eivotnu i radnu sredinu, za redovite i organizirane aktivnosti koje su njima prilago\u0111ene, a tako\u0111er odgovara i na njihove potrebe za radom i kreativnim izra\u017eavanjem kao i za novim u\u010denjem te napredovanjem u onom \u0161to je ve\u0107 nau\u010deno. Provodio se i 2014.god i kroz pozitivnu evaluaciju zaklju\u010dili smo da ga treba nastaviti i ove godine. <strong>Ciljevi projekta su:<\/strong> pove\u0107ati broj osoba koje sudjeluju u volonterskom radu, pobolj\u0161ati osvije\u0161tenost lokalne sredine o osobama s intelektualnim te\u0161ko\u0107ama, smanjiti dru\u0161tvenu isklju\u010denost osoba s intelektualnim te\u0161ko\u0107ama u lokalnoj zajednici, organizirati redovite aktivnosti za mlade s intelektualnim te\u0161ko\u0107ama i pripremiti ih za samostalan svakodnevni \u017eivot, pobolj\u0161ati sliku o sebi s intelektualnim te\u0161ko\u0107ama te osje\u0107aj korisnosti.\u00a0Nositelj svih aktivnosti je Udruga za pomo\u0107 osobama s mentalom retardacijom Kri\u017eevci u suradnji sa Srednjom gospodarskom \u0161kolom Kri\u017eevci. U\u010denici \u0107e sa svojom profesoricom obavljati dio stru\u010dne prakse na na\u0161em vrtu. Projekt \u0107e se odvijati u prostorima Udruge, ku\u0107i koju adaptiramo i dvori\u0161tu te javnim prostorima u gradu. <strong>Aktivnosti:<\/strong> Radno-proizvodne: Radna okupacija: briga oko ure\u0111enja dvori\u0161ta i vrta; sadnja i uzgoj eko cvije\u0107a i povr\u0107a, briga oko povr\u0107a u plasteniku; briga o ku\u0107i; razvrstavanje otpada za recikliranje i izrada komposta; Kreativna radionica: izrada ukrasnih i uporabnih predmeta (\u010destitke, ukrasi za Uskrs, Bo\u017ei\u0107..) te predmeta od keramika; Ljetovanje u \u0160imatovu-kroz sedmerodnevni boravak u selu u Gorskog kotara u obnovljenoj staroj \u0161koli osobe s intelektualnim te\u0161ko\u0107ama \u0107e sami brinuti oko higijene, urednosti ku\u0107e, spremati sami obroke, ure\u0111ivati okoli\u0161, odlaziti u \u0161etnje, imati sportske aktivnosti;imati \u0107e priliku primjeniti ste\u010deno znanje o brizi o sebi,kuhanju. Stru\u010dno osposobljavanje: Kuhanje: u\u010denje kuhanja jela, serviranje; odlazak u du\u0107an i na vrt po namirnice; priprema d\u017eemova i zimnice; priprema malih obroka za Dane otvorenih vrata; Dramska radionica: izrada kostima za nastupe; uvje\u017ebavanje razli\u010ditih igrokaza i predstava; Osvije\u0161\u0107ivanje i informiranje javnosti:Dan otvorenih vrata Udruge: 3 puta kroz godinu omogu\u0107iti \u0107emo \u0161irem gra\u0111anstvu da do\u0111e u prostor Udruge,upozna se s na\u0161im radom i na\u0161im proizvodima;gra\u0111ani \u0107e mo\u0107i ku\u0161ati na\u0161e proizvode, ponijeti ih ku\u0107i; Izlo\u017eba radova na javnim mjestima: sudjelovanje na svim va\u017enim doga\u0111anjima u Gradu Kri\u017eevcima; sudjelovanje sa uvje\u017ebanim igrokazima na svim prigodnim manifestacijama; Tisak promotivnih materijala: tiskanje promotivnih letaka koje \u0107emo dijeliti gra\u0111anima; u\u010denicima s ciljem pove\u0107ati broja osoba koje sudjeluju u volonterskom radu, pobolj\u0161anja osvije\u0161tenosti smanjenjem dru\u0161tvene isklju\u010denosti i lokalne sredine o osobama s intelektualnim te\u0161ko\u0107ama.<\/p>\n","protected":false},"excerpt":{"rendered":"<p>Projekt je sufinanciran sredstvima HEP-a d.d. Projekt je usmjeren na potrebe 15 osoba s intelektualnim te\u0161ko\u0107ama koje nisu uklju\u010dene ni u jedan oblik skrbi niti u aktivnosti primjerene njima. Korisnici su zavr\u0161ili svoje redovito,&#46;&#46;&#46;<\/p>\n","protected":false},"author":1,"featured_media":0,"comment_status":"closed","ping_status":"closed","sticky":false,"template":"","format":"standard","meta":{"ngg_post_thumbnail":0,"footnotes":""},"categories":[9],"tags":[],"_links":{"self":[{"href":"https:\/\/www.udrugamrkz.hr\/index.php?rest_route=\/wp\/v2\/posts\/2050"}],"collection":[{"href":"https:\/\/www.udrugamrkz.hr\/index.php?rest_route=\/wp\/v2\/posts"}],"about":[{"href":"https:\/\/www.udrugamrkz.hr\/index.php?rest_route=\/wp\/v2\/types\/post"}],"author":[{"embeddable":true,"href":"https:\/\/www.udrugamrkz.hr\/index.php?rest_route=\/wp\/v2\/users\/1"}],"replies":[{"embeddable":true,"href":"https:\/\/www.udrugamrkz.hr\/index.php?rest_route=%2Fwp%2Fv2%2Fcomments&post=2050"}],"version-history":[{"count":1,"href":"https:\/\/www.udrugamrkz.hr\/index.php?rest_route=\/wp\/v2\/posts\/2050\/revisions"}],"predecessor-version":[{"id":2051,"href":"https:\/\/www.udrugamrkz.hr\/index.php?rest_route=\/wp\/v2\/posts\/2050\/revisions\/2051"}],"wp:attachment":[{"href":"https:\/\/www.udrugamrkz.hr\/index.php?rest_route=%2Fwp%2Fv2%2Fmedia&parent=2050"}],"wp:term":[{"taxonomy":"category","embeddable":true,"href":"https:\/\/www.udrugamrkz.hr\/index.php?rest_route=%2Fwp%2Fv2%2Fcategories&post=2050"},{"taxonomy":"post_tag","embeddable":true,"href":"https:\/\/www.udrugamrkz.hr\/index.php?rest_route=%2Fwp%2Fv2%2Ftags&post=2050"}],"curies":[{"name":"wp","href":"https:\/\/api.w.org\/{rel}","templated":true}]}}