{"id":2043,"date":"2015-12-31T14:40:31","date_gmt":"2015-12-31T13:40:31","guid":{"rendered":"http:\/\/www.udrugamrkz.hr\/?p=2043"},"modified":"2016-01-17T17:20:44","modified_gmt":"2016-01-17T16:20:44","slug":"svakodnevne-aktivnosti-u-klubu-maslacak-01-01-2015-31-12-2015","status":"publish","type":"post","link":"https:\/\/www.udrugamrkz.hr\/?p=2043","title":{"rendered":"Svakodnevne aktivnosti u Klubu &#8220;Masla\u010dak&#8221; 01.01.2015.-31.12.2015."},"content":{"rendered":"<p style=\"text-align: justify;\">Projekt je financiran sredstvima Grada Kri\u017eevaca (15.000,00 kn) i Koprivni\u010dko-kri\u017eeva\u010dke \u017eupanije (10.000,00 kn) te vlastitim sredstvima Udruge.\u00a0Predlo\u017eeni projekt odgovara na potrebe 15 osoba s mentalnom retardacijom koje nisu uklju\u010dene ni u jedan oblik skrbi niti u aktivnosti primjerene njima. Mladi su zavr\u0161ili svoje redovito, formalno obrazovanje u Centru za odgoj, obrazovanje i rehabilitaciju Kri\u017eevci, prete\u017eno su na stupnju lake i umjerene mentalne retardacije, s udru\u017eenim te\u0161ko\u0107ama te su svi iznad 21. godine. Nekima je oduzeta radna sposobnost te na\u017ealost nisu konkurentni na tr\u017ei\u0161tu rada pa ovim projektom \u017eelimo doprinijeti kvaliteti njihova \u017eivota. Ovaj projekt odgovara na njihove potrebe za uklju\u010deno\u0161\u0107u u \u017eivotnu i radnu sredinu, za redovite i organizirane aktivnosti koje su njima prilago\u0111ene, a tako\u0111er odgovara i na njihove potrebe za radom i kreativnim izra\u017eavanjem kao i za novim u\u010denjem te napredovanjem u onom \u0161to je ve\u0107 nau\u010deno. Korisnici, zbog svakodnevnih organiziranih i kvalitetnih aktivnosti, imaju osje\u0107aj pripadnosti skupini te bolje slike o sebi.\u00a0<strong>Cilj projekta:\u00a0<\/strong>Doprinijeti pobolj\u0161anju kvalitete \u017eivota mladih s mentalnom retardacijom nastavkom pokrenutih aktivnosti, ali i pokretanjem nekih novih aktivnosti. Aktivnosti mladih su organizirane svaki dan tijekom tjedna, u poslijepodnevnim satima, a uklju\u010duju slobodne aktivnosti kao \u0161to su sportska radionica\u00a0 i informatika, sadr\u017eaje radno-proizvodnih aktivnosti koje uklju\u010duju radno-okupacijsku terapiju na vrtu i kreativnu radionicu, stru\u010dnog osposobljavanja koji obuhva\u0107aju: dramsku grupu, te u\u010denje kuhanja i pripremanja za samostalni \u017eivot.\u00a0U projekt je uklju\u010deno i organiziranje prodajnih izlo\u017eaba, otvorenih vrata za gra\u0111ane, sudjelovanje na svim doga\u0111anjima na lokalnoj razini, ali i Centra za odgoj, obrazovanje i rehabilitaciju Kri\u017eevci, kao i organizirane posjete, npr. odlazak na koncert, utakmicu, izlet, izlo\u017ebe, dru\u017eenja sa \u010dlanovima srodnih udruga i sli\u010dno.\u00a0S mladima je svakodnevno prisutna jedna stru\u010dna osoba (zaposlena na neodre\u0111eno u Udruzi), a pojedine radioni\u010dke aktivnosti (zbog stru\u010dnosti te broja mladih) vode educirani stru\u010dnjaci, poput profesora\u00a0 likovne kulture i drugih. U okviru projekta su planirane i proslave ro\u0111endana, a uz to i pe\u010denje kola\u010da, raznih slastica te priprema napitaka.\u00a0Projekt je usmjeren mladima s mentalnom retardacijom iznad 21. godine \u017eivota kroz svakodnevne slobodne i radno-proizvodne aktivnosti te poti\u010de njihovu uklju\u010denost u \u017eivotnu i radnu sredinu. Kroz projekt poti\u010demo volontiranje uklju\u010divanjem u\u010denika srednjih \u0161kola koji \u0107e pomo\u0107i mladima s MR u njihovim aktivnostima.<\/p>\n<p style=\"text-align: justify;\"><a href=\"http:\/\/www.udrugamrkz.hr\/?attachment_id=1915\" rel=\"attachment wp-att-1915\"><img loading=\"lazy\" decoding=\"async\" class=\"alignleft size-medium wp-image-1915\" src=\"http:\/\/www.udrugamrkz.hr\/wp-content\/uploads\/11128168_670106633101411_5218482917378244936_n-300x225.jpg\" alt=\"11128168_670106633101411_5218482917378244936_n\" width=\"300\" height=\"225\" data-id=\"1915\" srcset=\"https:\/\/www.udrugamrkz.hr\/wp-content\/uploads\/11128168_670106633101411_5218482917378244936_n-300x225.jpg 300w, https:\/\/www.udrugamrkz.hr\/wp-content\/uploads\/11128168_670106633101411_5218482917378244936_n.jpg 960w\" sizes=\"(max-width: 300px) 100vw, 300px\" \/><\/a><a href=\"http:\/\/www.udrugamrkz.hr\/?attachment_id=1927\" rel=\"attachment wp-att-1927\"><img loading=\"lazy\" decoding=\"async\" class=\"alignleft size-medium wp-image-1927\" src=\"http:\/\/www.udrugamrkz.hr\/wp-content\/uploads\/11102616_664708116974596_3602357753938936255_n-300x225.jpg\" alt=\"11102616_664708116974596_3602357753938936255_n\" width=\"300\" height=\"225\" data-id=\"1927\" srcset=\"https:\/\/www.udrugamrkz.hr\/wp-content\/uploads\/11102616_664708116974596_3602357753938936255_n-300x225.jpg 300w, https:\/\/www.udrugamrkz.hr\/wp-content\/uploads\/11102616_664708116974596_3602357753938936255_n.jpg 960w\" sizes=\"(max-width: 300px) 100vw, 300px\" \/><\/a><\/p>\n","protected":false},"excerpt":{"rendered":"<p>Projekt je financiran sredstvima Grada Kri\u017eevaca (15.000,00 kn) i Koprivni\u010dko-kri\u017eeva\u010dke \u017eupanije (10.000,00 kn) te vlastitim sredstvima Udruge.\u00a0Predlo\u017eeni projekt odgovara na potrebe 15 osoba s mentalnom retardacijom koje nisu uklju\u010dene ni u jedan oblik skrbi&#46;&#46;&#46;<\/p>\n","protected":false},"author":1,"featured_media":0,"comment_status":"closed","ping_status":"closed","sticky":false,"template":"","format":"standard","meta":{"ngg_post_thumbnail":0,"footnotes":""},"categories":[9],"tags":[],"_links":{"self":[{"href":"https:\/\/www.udrugamrkz.hr\/index.php?rest_route=\/wp\/v2\/posts\/2043"}],"collection":[{"href":"https:\/\/www.udrugamrkz.hr\/index.php?rest_route=\/wp\/v2\/posts"}],"about":[{"href":"https:\/\/www.udrugamrkz.hr\/index.php?rest_route=\/wp\/v2\/types\/post"}],"author":[{"embeddable":true,"href":"https:\/\/www.udrugamrkz.hr\/index.php?rest_route=\/wp\/v2\/users\/1"}],"replies":[{"embeddable":true,"href":"https:\/\/www.udrugamrkz.hr\/index.php?rest_route=%2Fwp%2Fv2%2Fcomments&post=2043"}],"version-history":[{"count":5,"href":"https:\/\/www.udrugamrkz.hr\/index.php?rest_route=\/wp\/v2\/posts\/2043\/revisions"}],"predecessor-version":[{"id":2049,"href":"https:\/\/www.udrugamrkz.hr\/index.php?rest_route=\/wp\/v2\/posts\/2043\/revisions\/2049"}],"wp:attachment":[{"href":"https:\/\/www.udrugamrkz.hr\/index.php?rest_route=%2Fwp%2Fv2%2Fmedia&parent=2043"}],"wp:term":[{"taxonomy":"category","embeddable":true,"href":"https:\/\/www.udrugamrkz.hr\/index.php?rest_route=%2Fwp%2Fv2%2Fcategories&post=2043"},{"taxonomy":"post_tag","embeddable":true,"href":"https:\/\/www.udrugamrkz.hr\/index.php?rest_route=%2Fwp%2Fv2%2Ftags&post=2043"}],"curies":[{"name":"wp","href":"https:\/\/api.w.org\/{rel}","templated":true}]}}