{"id":198,"date":"2009-11-15T18:40:26","date_gmt":"2009-11-15T17:40:26","guid":{"rendered":"http:\/\/www.udrugamrkz.hr\/?p=198"},"modified":"2010-01-11T18:41:36","modified_gmt":"2010-01-11T17:41:36","slug":"merkur-2009","status":"publish","type":"post","link":"https:\/\/www.udrugamrkz.hr\/?p=198","title":{"rendered":",,Merkur 2009.&#8221;"},"content":{"rendered":"<p>\u010clan na\u0161e Udruge Vlado Brle\u010di\u0107 sudjelovao je u projektu \u00ab Merkur 2009.\u00bb u Orahovici u organizaciji Saveza udruga za osobe s mentalnom retardacijom.<\/p>\n","protected":false},"excerpt":{"rendered":"<p>\u010clan na\u0161e Udruge Vlado Brle\u010di\u0107 sudjelovao je u projektu \u00ab Merkur 2009.\u00bb u Orahovici u organizaciji Saveza udruga za osobe s mentalnom retardacijom.<\/p>\n","protected":false},"author":1,"featured_media":0,"comment_status":"closed","ping_status":"closed","sticky":false,"template":"","format":"standard","meta":{"ngg_post_thumbnail":0,"footnotes":""},"categories":[1],"tags":[],"_links":{"self":[{"href":"https:\/\/www.udrugamrkz.hr\/index.php?rest_route=\/wp\/v2\/posts\/198"}],"collection":[{"href":"https:\/\/www.udrugamrkz.hr\/index.php?rest_route=\/wp\/v2\/posts"}],"about":[{"href":"https:\/\/www.udrugamrkz.hr\/index.php?rest_route=\/wp\/v2\/types\/post"}],"author":[{"embeddable":true,"href":"https:\/\/www.udrugamrkz.hr\/index.php?rest_route=\/wp\/v2\/users\/1"}],"replies":[{"embeddable":true,"href":"https:\/\/www.udrugamrkz.hr\/index.php?rest_route=%2Fwp%2Fv2%2Fcomments&post=198"}],"version-history":[{"count":1,"href":"https:\/\/www.udrugamrkz.hr\/index.php?rest_route=\/wp\/v2\/posts\/198\/revisions"}],"predecessor-version":[{"id":199,"href":"https:\/\/www.udrugamrkz.hr\/index.php?rest_route=\/wp\/v2\/posts\/198\/revisions\/199"}],"wp:attachment":[{"href":"https:\/\/www.udrugamrkz.hr\/index.php?rest_route=%2Fwp%2Fv2%2Fmedia&parent=198"}],"wp:term":[{"taxonomy":"category","embeddable":true,"href":"https:\/\/www.udrugamrkz.hr\/index.php?rest_route=%2Fwp%2Fv2%2Fcategories&post=198"},{"taxonomy":"post_tag","embeddable":true,"href":"https:\/\/www.udrugamrkz.hr\/index.php?rest_route=%2Fwp%2Fv2%2Ftags&post=198"}],"curies":[{"name":"wp","href":"https:\/\/api.w.org\/{rel}","templated":true}]}}