{"id":1779,"date":"2015-02-12T12:30:15","date_gmt":"2015-02-12T11:30:15","guid":{"rendered":"http:\/\/www.udrugamrkz.hr\/?p=1779"},"modified":"2015-02-16T12:39:41","modified_gmt":"2015-02-16T11:39:41","slug":"radionica-o-volonterstvu","status":"publish","type":"post","link":"https:\/\/www.udrugamrkz.hr\/?p=1779","title":{"rendered":"Radionica o Volonterstvu"},"content":{"rendered":"<p style=\"text-align: justify;\">U okviru projekta \u201eZajedno ja\u010di\u201c u \u010detvrtak\u00a0 12.02.2015. godine je u knji\u017enici Gimanzije Ivana Zakmardija Dijankove\u010dkog odr\u017eana Radionica o volonterstvu. Ovaj projekt je sufinanciran sredstvima Europskog socijalnog fonda u sklopu programa 2007 \u2013 2013 a Udruga za pomo\u0107 osobama s mentalnom retardacijom Kri\u017eevci je jedan od partnera Udruzi Srce Sv. Ivan Zelina, koja je nositelj projekta.\u00a0 Prezentaciju su organizirali predstavnici Udruge za pomo\u0107 osobama s mentalnom retardacijom Kri\u017eevci u suradnji sa Volonterskim centrom Link Kri\u017eevci, a nazo\u010dilo je 30-tak u\u010denika Gimnazije Ivana Zakmardija Dijankove\u010dkog Kri\u017eevci. Predsjednica Udruge za\u00a0 pomo\u0107 osobama s mentalnom retardacijom Kri\u017eevci Tamara Premu\u0161 je predstavila projekt \u201eZajedno ja\u010di\u201c i Udrugu dok su \u010dlanice Volonterskog centra Link\u00a0 Andrea Katanovi\u0107 i Monika Mi\u0161\u010devi\u0107 predstavile aktivnosti i ciljeve Volonterkog centra. Ines Kefelja i Eva Suboti\u010danec aktivno volontiraju u Udruzi pa su \u00a0iznijele svoja osobna iskustva i stavove o volontiranju. U\u010denici su mogli uputiti pitanja svoja pitanja predstavnicima Udruge i Volonterskog centra Link. Cilj ovog predavanja je bio pribli\u017eiti u\u010denicima Gimnazije mogu\u0107nosti volontiranja op\u0107enito, te mogu\u0107nosti volontiranja u na\u0161oj Udruzi. Va\u017eno je napomenuti kako je ovaj projekt, uz nositelja projekta iz Zagreba\u010dke \u017eupanije, okupio partnere iz Krapinsko-zagorske, Vara\u017edinske i Koprivni\u010dko- kri\u017eeva\u010dke \u017eupanije. Trajanje projekta je 12 mjeseci s ciljem rje\u0161avanja problema nejednake regionalne razvijenosti pru\u017eatelja socijalnih usluga, unapre\u0111enja suradnje javnog i nevladinog sektora, ja\u010danja kapaciteta OCD-a kao pru\u017eatelja socijalnih usluga, doprino\u0161enja razvoja i ja\u010danja kapaciteta OCD-a te ja\u010danja suradnje s institucijama i lokalnom zajednicom kroz osna\u017eivanje zaposlenika i roditelja\/voditelja OCD-a za razvoj socijalnih usluga u zajednici, educiranja organizatora volontiranja i volontera i informiranja \u010dlanova lokalne zajednice o pru\u017eanju socijalnih usluga OCD-a u zajednici. Nositelj projekta je Udruga Srce a partneri na projektu su: SVETA ANA udruga za pomo\u0107 djeci s te\u0161ko\u0107ama u razvoju i invalidnim osobama,Udruga za pomo\u0107 osobama s mentalnom retardacijom Kri\u017eevci, Udruga Sunce Novi Marof &#8211; za djecu s te\u0161ko\u0107ama u razvoju i osobe s invaliditetom i Udruga za pomo\u0107 osobama s mentalnom retardacijom \u0110ur\u0111evac.<\/p>\n<p style=\"text-align: justify;\"><a href=\"http:\/\/www.udrugamrkz.hr\/?attachment_id=1783\" rel=\"attachment wp-att-1783\"><img loading=\"lazy\" decoding=\"async\" class=\"alignleft size-medium wp-image-1783\" src=\"http:\/\/www.udrugamrkz.hr\/wp-content\/uploads\/IMAG1853-300x179.jpg\" alt=\"IMAG1853\" width=\"300\" height=\"179\" data-id=\"1783\" srcset=\"https:\/\/www.udrugamrkz.hr\/wp-content\/uploads\/IMAG1853-300x179.jpg 300w, https:\/\/www.udrugamrkz.hr\/wp-content\/uploads\/IMAG1853-1024x613.jpg 1024w\" sizes=\"(max-width: 300px) 100vw, 300px\" \/><\/a> <a href=\"http:\/\/www.udrugamrkz.hr\/?attachment_id=1784\" rel=\"attachment wp-att-1784\"><img loading=\"lazy\" decoding=\"async\" class=\"alignleft size-medium wp-image-1784\" src=\"http:\/\/www.udrugamrkz.hr\/wp-content\/uploads\/DSCN2759-300x225.jpg\" alt=\"DSCN2759\" width=\"300\" height=\"225\" data-id=\"1784\" srcset=\"https:\/\/www.udrugamrkz.hr\/wp-content\/uploads\/DSCN2759-300x225.jpg 300w, https:\/\/www.udrugamrkz.hr\/wp-content\/uploads\/DSCN2759-1024x768.jpg 1024w\" sizes=\"(max-width: 300px) 100vw, 300px\" \/><\/a> <a href=\"http:\/\/www.udrugamrkz.hr\/?attachment_id=1785\" rel=\"attachment wp-att-1785\"><img loading=\"lazy\" decoding=\"async\" class=\"alignleft size-medium wp-image-1785\" src=\"http:\/\/www.udrugamrkz.hr\/wp-content\/uploads\/IMAG1857-300x179.jpg\" alt=\"IMAG1857\" width=\"300\" height=\"179\" data-id=\"1785\" srcset=\"https:\/\/www.udrugamrkz.hr\/wp-content\/uploads\/IMAG1857-300x179.jpg 300w, https:\/\/www.udrugamrkz.hr\/wp-content\/uploads\/IMAG1857-1024x613.jpg 1024w\" sizes=\"(max-width: 300px) 100vw, 300px\" \/><\/a> <a href=\"http:\/\/www.udrugamrkz.hr\/?attachment_id=1786\" rel=\"attachment wp-att-1786\"><img loading=\"lazy\" decoding=\"async\" class=\"alignleft size-medium wp-image-1786\" src=\"http:\/\/www.udrugamrkz.hr\/wp-content\/uploads\/IMAG1861-300x179.jpg\" alt=\"IMAG1861\" width=\"300\" height=\"179\" data-id=\"1786\" srcset=\"https:\/\/www.udrugamrkz.hr\/wp-content\/uploads\/IMAG1861-300x179.jpg 300w, https:\/\/www.udrugamrkz.hr\/wp-content\/uploads\/IMAG1861-1024x613.jpg 1024w\" sizes=\"(max-width: 300px) 100vw, 300px\" \/><\/a><\/p>\n<p style=\"text-align: justify;\">\n","protected":false},"excerpt":{"rendered":"<p>U okviru projekta \u201eZajedno ja\u010di\u201c u \u010detvrtak\u00a0 12.02.2015. godine je u knji\u017enici Gimanzije Ivana Zakmardija Dijankove\u010dkog odr\u017eana Radionica o volonterstvu. Ovaj projekt je sufinanciran sredstvima Europskog socijalnog fonda u sklopu programa 2007 \u2013 2013&#46;&#46;&#46;<\/p>\n","protected":false},"author":1,"featured_media":0,"comment_status":"closed","ping_status":"closed","sticky":false,"template":"","format":"standard","meta":{"ngg_post_thumbnail":0,"footnotes":""},"categories":[5],"tags":[],"_links":{"self":[{"href":"https:\/\/www.udrugamrkz.hr\/index.php?rest_route=\/wp\/v2\/posts\/1779"}],"collection":[{"href":"https:\/\/www.udrugamrkz.hr\/index.php?rest_route=\/wp\/v2\/posts"}],"about":[{"href":"https:\/\/www.udrugamrkz.hr\/index.php?rest_route=\/wp\/v2\/types\/post"}],"author":[{"embeddable":true,"href":"https:\/\/www.udrugamrkz.hr\/index.php?rest_route=\/wp\/v2\/users\/1"}],"replies":[{"embeddable":true,"href":"https:\/\/www.udrugamrkz.hr\/index.php?rest_route=%2Fwp%2Fv2%2Fcomments&post=1779"}],"version-history":[{"count":3,"href":"https:\/\/www.udrugamrkz.hr\/index.php?rest_route=\/wp\/v2\/posts\/1779\/revisions"}],"predecessor-version":[{"id":1787,"href":"https:\/\/www.udrugamrkz.hr\/index.php?rest_route=\/wp\/v2\/posts\/1779\/revisions\/1787"}],"wp:attachment":[{"href":"https:\/\/www.udrugamrkz.hr\/index.php?rest_route=%2Fwp%2Fv2%2Fmedia&parent=1779"}],"wp:term":[{"taxonomy":"category","embeddable":true,"href":"https:\/\/www.udrugamrkz.hr\/index.php?rest_route=%2Fwp%2Fv2%2Fcategories&post=1779"},{"taxonomy":"post_tag","embeddable":true,"href":"https:\/\/www.udrugamrkz.hr\/index.php?rest_route=%2Fwp%2Fv2%2Ftags&post=1779"}],"curies":[{"name":"wp","href":"https:\/\/api.w.org\/{rel}","templated":true}]}}