{"id":1735,"date":"2015-12-28T11:18:07","date_gmt":"2015-12-28T10:18:07","guid":{"rendered":"http:\/\/www.udrugamrkz.hr\/?p=1735"},"modified":"2016-01-17T17:20:02","modified_gmt":"2016-01-17T16:20:02","slug":"eu-projekt-zajedno-jaci-29-12-2014-28-12-2015","status":"publish","type":"post","link":"https:\/\/www.udrugamrkz.hr\/?p=1735","title":{"rendered":"EU projekt &#8220;Zajedno ja\u010di&#8221; 29.12.2014.-28.12.2015."},"content":{"rendered":"<p style=\"text-align: justify;\">Udruga za pomo\u0107 osobama s mentalnom retardacijom Kri\u017eevci je partnerska\u00a0organizacija na projektu &#8220;Zajedno ja\u010di&#8221; \u010diji je nositelj &#8220;Srce&#8221; &#8211; Udruga\u00a0djece s te\u0161ko\u0107ama u razvoju, osoba s invaliditetom i njihovih obitelji iz\u00a0Svetog Ivana Zeline.\u00a0Predsjednica Udruge Srce, \u00a0\u0110ur\u0111a Penava potpisala je 22.12.2014. godine Ugovor o dodjeli bespovratnih sredstava za projekte financirane iz Europskog socijalnog fonda u sklopu programa 2007 &#8211; 2013 s posredni\u010dkim tijelima Uredom Vlade Republike Hrvatske za udruge i Nacionalnom zakladom za razvoj civilnoga dru\u0161tva.<\/p>\n<p style=\"text-align: justify;\">Partneri na projektu:<\/p>\n<p style=\"text-align: justify;\">SVETA ANA udruga za pomo\u0107 djeci s te\u0161ko\u0107ama u razvoju i invalidnim osobama<\/p>\n<p style=\"text-align: justify;\">Udruga za pomo\u0107 osobama s mentalnom retardacijom \u0110ur\u0111rvac<\/p>\n<p style=\"text-align: justify;\">Udruga za pomo\u0107 osobama s mentalnom retardacijom Kri\u017eevci<\/p>\n<p style=\"text-align: justify;\">Udruga Sunce Novi Marof &#8211; za djecu s te\u0161ko\u0107ama u razvoju i osobe s invaliditetom<\/p>\n<p style=\"text-align: justify;\">Voditelj projekta: Jelena Kova\u010devi\u0107, mag. prim.educ.<\/p>\n<p style=\"text-align: justify;\">Koordinator projekta: Nikolina Obad, dipl.ing.agr.<\/p>\n<p style=\"text-align: justify;\">\u00a0Trajanje projekta: 12 mjeseci (prosinac 2014 &#8211; prosinac 2015)<\/p>\n<p style=\"text-align: justify;\">Vrijednost projekta: 650.980,80kn<\/p>\n<p style=\"text-align: justify;\">Projekt je sufinancirala\u00a0Europska unija iz Europskog socijalnog fonda te Ured za udruge Vlade RH u\u00a0okviru instrumenta Ja\u010danje sposobnosti organizacija civilnog dru\u0161tva za\u00a0pru\u017eanje socijalnih usluga sa 650.980,80 kn. Ovaj je projekt okupio partnere iz Krapinsko-zagorske, Vara\u017edinske i Koprivni\u010dko- kri\u017eeva\u010dke \u017eupanije. Trajanje projekta je 12 mjeseci s ciljem rje\u0161avanja problema nejednake regionalne razvijenosti pru\u017eatelja socijalnih usluga, unapre\u0111enja suradnje javnog i nevladinog sektora, ja\u010danja kapaciteta OCD-a kao pru\u017eatelja socijalnih usluga, doprino\u0161enja razvoja i ja\u010danja kapaciteta OCD-a te ja\u010danja suradnje s institucijama i lokalnom zajednicom kroz osna\u017eivanje zaposlenika i roditelja\/voditelja OCD-a za razvoj socijalnih usluga u zajednici, educiranja organizatora volontiranja i volontera i informiranja \u010dlanova lokalne zajednice o pru\u017eanju socijalnih usluga OCD-a u zajednici.\u00a0Suradnici na projektu su i Srednja \u0161kola &#8220;Ivan Seljanec&#8221; Kri\u017eevci i\u00a0Gimnazija &#8220;Ivana Zakmardija Dijankove\u010dkog&#8221; Kri\u017eevci u kojima \u0107e se odr\u017eati\u00a0prezentacije o volontiranju. Na\u0161a udruga ve\u0107 du\u017ee vrijeme sura\u0111uje sa\u00a0udrugama iz \u0110ur\u0111evca i Svetog Ivana Zeline, a ovim projektom imamo priliku\u00a0uspostaviti bolju suradnju i povezati se sa udrugama iz Novog Marofa i\u00a0Lobora i osna\u017eiti se.<\/p>\n<p>&nbsp;<\/p>\n","protected":false},"excerpt":{"rendered":"<p>Udruga za pomo\u0107 osobama s mentalnom retardacijom Kri\u017eevci je partnerska\u00a0organizacija na projektu &#8220;Zajedno ja\u010di&#8221; \u010diji je nositelj &#8220;Srce&#8221; &#8211; Udruga\u00a0djece s te\u0161ko\u0107ama u razvoju, osoba s invaliditetom i njihovih obitelji iz\u00a0Svetog Ivana Zeline.\u00a0Predsjednica Udruge&#46;&#46;&#46;<\/p>\n","protected":false},"author":1,"featured_media":0,"comment_status":"closed","ping_status":"closed","sticky":false,"template":"","format":"standard","meta":{"ngg_post_thumbnail":0,"footnotes":""},"categories":[9],"tags":[],"_links":{"self":[{"href":"https:\/\/www.udrugamrkz.hr\/index.php?rest_route=\/wp\/v2\/posts\/1735"}],"collection":[{"href":"https:\/\/www.udrugamrkz.hr\/index.php?rest_route=\/wp\/v2\/posts"}],"about":[{"href":"https:\/\/www.udrugamrkz.hr\/index.php?rest_route=\/wp\/v2\/types\/post"}],"author":[{"embeddable":true,"href":"https:\/\/www.udrugamrkz.hr\/index.php?rest_route=\/wp\/v2\/users\/1"}],"replies":[{"embeddable":true,"href":"https:\/\/www.udrugamrkz.hr\/index.php?rest_route=%2Fwp%2Fv2%2Fcomments&post=1735"}],"version-history":[{"count":3,"href":"https:\/\/www.udrugamrkz.hr\/index.php?rest_route=\/wp\/v2\/posts\/1735\/revisions"}],"predecessor-version":[{"id":1738,"href":"https:\/\/www.udrugamrkz.hr\/index.php?rest_route=\/wp\/v2\/posts\/1735\/revisions\/1738"}],"wp:attachment":[{"href":"https:\/\/www.udrugamrkz.hr\/index.php?rest_route=%2Fwp%2Fv2%2Fmedia&parent=1735"}],"wp:term":[{"taxonomy":"category","embeddable":true,"href":"https:\/\/www.udrugamrkz.hr\/index.php?rest_route=%2Fwp%2Fv2%2Fcategories&post=1735"},{"taxonomy":"post_tag","embeddable":true,"href":"https:\/\/www.udrugamrkz.hr\/index.php?rest_route=%2Fwp%2Fv2%2Ftags&post=1735"}],"curies":[{"name":"wp","href":"https:\/\/api.w.org\/{rel}","templated":true}]}}