{"id":1723,"date":"2014-09-10T08:55:44","date_gmt":"2014-09-10T07:55:44","guid":{"rendered":"http:\/\/www.udrugamrkz.hr\/?p=1723"},"modified":"2015-01-20T09:07:03","modified_gmt":"2015-01-20T08:07:03","slug":"izlet-u-simatovo","status":"publish","type":"post","link":"https:\/\/www.udrugamrkz.hr\/?p=1723","title":{"rendered":"Izlet u \u0160imatovo"},"content":{"rendered":"<p style=\"text-align: justify;\">\u00a0 \u00a0 \u00a0\u010clanovi Udruge za pomo\u0107 osobama s mentalnom retardacijom Kri\u017eevci njih jedanaest boravilo je u periodu 01.09.-06.09.2014. u \u0160imatovu, selu u srcu Gorskog kotara, te predivnoj prirodi. Boravile su tri osobe s te\u017eim pote\u0161ko\u0107ama uz pratnju roditelja, a \u010detvero samostalnih uz nadzor voditeljice Martine Benjak. Prijevoz kombi vozilom Centra za odgoj, obrazovanje i rehabilitaciju Kri\u017eevci te prehranu su financirali dio roditelji i udomitelji,\u00a0 a dio Udruga, dok je jedan roditelj i\u0161ao vlastitim automobilom, i sam financirao tro\u0161kove goriva i cestarine. Sve povr\u0107e koje nam je bilo potrebno ubrali smo u na\u0161em vrtu u Gunduli\u0107evoj ulici, koje smo sami vrijedno uzgojili ove godine u sklopu radne okupacije uz pomo\u0107 u\u010denika Srednje gospodarske \u0161kole Kri\u017eevci. Po dolasku u jedno maleno mjesto, \u0160imatovo, do\u010dekala nas je predivno ure\u0111ena ku\u0107a, biv\u0161a \u0161kola, te dva srda\u010dna gospodina. Nakon obilaska cijele ku\u0107e,\u00a0 uhvatili smo se \u010di\u0161\u0107enja, po\u0161to su vrijedni majstori postavljali grijanje. Uz zaslu\u017eenu kavicu i kekse napravili smo raspored spavanja ( mladi uz pratnju u prizemlju, a samostalni u potkrovlju), raspored zadu\u017eenja za ku\u0107anske poslove, po\u0161to smo sami kuhali, \u010distili, prali. Mladi su sami uz povremeni nadzor obavljali sve ku\u0107anske poslove, kuhali, pekli kola\u010de te se tako pripremali za samostalni \u017eivot. Ali nismo samo radili, nego smo i u\u017eivali, usprkos ki\u0161i koja nas je pratila skoro cijeli tjedan, mnogo smo \u0161etali, bavili se sportom, plesali uglavnom u\u017eivali. Svakodnevno smo i\u0161li u vi\u0161esatne \u0161etnje kojima je cilj bio vidjeti rijeku Kupu te Sloveniju, jer smo bili udaljeni svega nekoliko kilometara od granice. Ovim putem se zahvaljujemo Centru za rehabilitaciju Zagreb na upu\u0107enom pozivu za boravak u \u0160imatovu, na\u0161em domaru Kruni koji se brine o ku\u0107i i cijelom selu od desetak ku\u0107a, a koji nam je bio cijelo vrijeme na usluzi. Ponajvi\u0161e smo zahvalni obitelji Mance, koja nam je to sve omogu\u0107ila, jer su oni bili inicijatori obnove biv\u0161e \u0161kole, te jo\u0161 nekoliko ku\u0107a i crkvi u mjestu, uz pomo\u0107 mnogih donatora. Iznimna nam je \u010dast i zadovoljstvo da smo upoznali te velike dobrotvore te s njima proveli nekoliko predivnih dana. Vidljivo je da je ulo\u017eeno mnogo ljubavi i truda da se o\u017eivi i uredi to predivno mjesto u netaknutoj prirodi Gorskog kotara. Uz tugu u o\u010dima, ali puni dojmova i lijepih uspomena vratili smo se svojim ku\u0107ama, ali uz planove za povratak druge godine te nastavak suradnje sa tim divnim ljudima, naravno ako \u0107emo imati financijske mogu\u0107nosti. Izlet u \u201enepoznato\u201c, po\u0161to smo imali jako malo informacija o mjestu u koje idemo, je ipak bio ne\u0161to predivno \u0161to nam se dogodilo.<\/p>\n<p style=\"text-align: justify;\"><a href=\"http:\/\/www.udrugamrkz.hr\/?attachment_id=1725\" rel=\"attachment wp-att-1725\"><img loading=\"lazy\" decoding=\"async\" class=\"alignleft size-medium wp-image-1725\" src=\"http:\/\/www.udrugamrkz.hr\/wp-content\/uploads\/100_8555-300x225.jpg\" alt=\"100_8555\" width=\"300\" height=\"225\" data-id=\"1725\" srcset=\"https:\/\/www.udrugamrkz.hr\/wp-content\/uploads\/100_8555-300x225.jpg 300w, https:\/\/www.udrugamrkz.hr\/wp-content\/uploads\/100_8555-1024x768.jpg 1024w\" sizes=\"(max-width: 300px) 100vw, 300px\" \/><\/a> <a href=\"http:\/\/www.udrugamrkz.hr\/?attachment_id=1726\" rel=\"attachment wp-att-1726\"><img loading=\"lazy\" decoding=\"async\" class=\"alignleft size-medium wp-image-1726\" src=\"http:\/\/www.udrugamrkz.hr\/wp-content\/uploads\/DSCN1245-300x225.jpg\" alt=\"DSCN1245\" width=\"300\" height=\"225\" data-id=\"1726\" srcset=\"https:\/\/www.udrugamrkz.hr\/wp-content\/uploads\/DSCN1245-300x225.jpg 300w, https:\/\/www.udrugamrkz.hr\/wp-content\/uploads\/DSCN1245-1024x768.jpg 1024w\" sizes=\"(max-width: 300px) 100vw, 300px\" \/><\/a> <a href=\"http:\/\/www.udrugamrkz.hr\/?attachment_id=1727\" rel=\"attachment wp-att-1727\"><img loading=\"lazy\" decoding=\"async\" class=\"alignleft size-medium wp-image-1727\" src=\"http:\/\/www.udrugamrkz.hr\/wp-content\/uploads\/DSCN1253-300x225.jpg\" alt=\"DSCN1253\" width=\"300\" height=\"225\" data-id=\"1727\" srcset=\"https:\/\/www.udrugamrkz.hr\/wp-content\/uploads\/DSCN1253-300x225.jpg 300w, https:\/\/www.udrugamrkz.hr\/wp-content\/uploads\/DSCN1253-1024x768.jpg 1024w\" sizes=\"(max-width: 300px) 100vw, 300px\" \/><\/a> <a href=\"http:\/\/www.udrugamrkz.hr\/?attachment_id=1728\" rel=\"attachment wp-att-1728\"><img loading=\"lazy\" decoding=\"async\" class=\"alignleft size-medium wp-image-1728\" src=\"http:\/\/www.udrugamrkz.hr\/wp-content\/uploads\/P9060307-300x224.jpg\" alt=\"OLYMPUS DIGITAL CAMERA\" width=\"300\" height=\"224\" data-id=\"1728\" srcset=\"https:\/\/www.udrugamrkz.hr\/wp-content\/uploads\/P9060307-300x224.jpg 300w, https:\/\/www.udrugamrkz.hr\/wp-content\/uploads\/P9060307-1024x766.jpg 1024w\" sizes=\"(max-width: 300px) 100vw, 300px\" \/><\/a><\/p>\n","protected":false},"excerpt":{"rendered":"<p>\u00a0 \u00a0 \u00a0\u010clanovi Udruge za pomo\u0107 osobama s mentalnom retardacijom Kri\u017eevci njih jedanaest boravilo je u periodu 01.09.-06.09.2014. u \u0160imatovu, selu u srcu Gorskog kotara, te predivnoj prirodi. Boravile su tri osobe s te\u017eim&#46;&#46;&#46;<\/p>\n","protected":false},"author":1,"featured_media":0,"comment_status":"closed","ping_status":"closed","sticky":false,"template":"","format":"standard","meta":{"ngg_post_thumbnail":0,"footnotes":""},"categories":[1],"tags":[],"_links":{"self":[{"href":"https:\/\/www.udrugamrkz.hr\/index.php?rest_route=\/wp\/v2\/posts\/1723"}],"collection":[{"href":"https:\/\/www.udrugamrkz.hr\/index.php?rest_route=\/wp\/v2\/posts"}],"about":[{"href":"https:\/\/www.udrugamrkz.hr\/index.php?rest_route=\/wp\/v2\/types\/post"}],"author":[{"embeddable":true,"href":"https:\/\/www.udrugamrkz.hr\/index.php?rest_route=\/wp\/v2\/users\/1"}],"replies":[{"embeddable":true,"href":"https:\/\/www.udrugamrkz.hr\/index.php?rest_route=%2Fwp%2Fv2%2Fcomments&post=1723"}],"version-history":[{"count":1,"href":"https:\/\/www.udrugamrkz.hr\/index.php?rest_route=\/wp\/v2\/posts\/1723\/revisions"}],"predecessor-version":[{"id":1729,"href":"https:\/\/www.udrugamrkz.hr\/index.php?rest_route=\/wp\/v2\/posts\/1723\/revisions\/1729"}],"wp:attachment":[{"href":"https:\/\/www.udrugamrkz.hr\/index.php?rest_route=%2Fwp%2Fv2%2Fmedia&parent=1723"}],"wp:term":[{"taxonomy":"category","embeddable":true,"href":"https:\/\/www.udrugamrkz.hr\/index.php?rest_route=%2Fwp%2Fv2%2Fcategories&post=1723"},{"taxonomy":"post_tag","embeddable":true,"href":"https:\/\/www.udrugamrkz.hr\/index.php?rest_route=%2Fwp%2Fv2%2Ftags&post=1723"}],"curies":[{"name":"wp","href":"https:\/\/api.w.org\/{rel}","templated":true}]}}