{"id":1684,"date":"2014-12-01T20:53:36","date_gmt":"2014-12-01T19:53:36","guid":{"rendered":"http:\/\/www.udrugamrkz.hr\/?p=1684"},"modified":"2015-01-11T21:05:52","modified_gmt":"2015-01-11T20:05:52","slug":"izrada-strateskog-plana-hrvatskog-saveza-udruga-za-osobe-s-mentalnom-retardacijom","status":"publish","type":"post","link":"https:\/\/www.udrugamrkz.hr\/?p=1684","title":{"rendered":"Izrada Strate\u0161kog plana Hrvatskog saveza udruga za osobe s mentalnom retardacijom"},"content":{"rendered":"<p style=\"text-align: justify;\">Na\u0161a zaposlenica Martina Benjak sudjelovala je u Hrvatskom savezu od 28.-30.11. 2014. na radionici \u201eStrate\u0161ko planiranje Savez udruga za osobe s MR za razdoblje od 2015. do 2020.&#8221;, pod vodstvom g\u0111e Nata\u0161e \u0160krbi\u0107, konzultantice za profitni i neprofitni sektor. S<span>vrha radionice je bila olak\u0161ati izradu novog strate\u0161kog plana Saveza udruga osoba s MR za razdoblje 2015-2020, te pomo\u0107i Udrugama \u010dlanicama da izrade strate\u0161ki plan usugla\u0161en sa planom Saveza. Radionica je obuhvatila glavne analize i izradu ciljeva te va\u017enost uskla\u0111ivanja prioriteta rada Saveza, zaposlenih i Upravnog odbora sa potrebama iz okru\u017eenja te strate\u0161kim dokumentima i prioritetima Europske unije i RH za razdoblje do 2020, i to; dokumentima Europa 2020. &#8211; Strategija za pametan, odr\u017eiv i inkluzivni rast (Europa 2020) i Europska platforma za borbu protiv siroma\u0161tva i socijalne isklju\u010denosti, \u00a0\u201eEuropa 2020\u201c te nacionalnim prioritetima, prvenstveno \u201eProgramom borbe protiv siroma\u0161tva i socijalne isklju\u010denosti 2014-2020\u201c i Operativnim programima u podru\u010dju socijalnog uklju\u010divanja, Vlade RH<\/span>. Na radionici je sudjelovalo 18 sudionika: predsjednica i predstavnici Hrvatskog saveza te predstavnici udruga iz Koprivnice, Splita, Dubrovnika, Zagreba, \u010cakovca, Karlovca, \u0110ur\u0111evca, Nove Gradi\u0161ke, Kri\u017eevaca, Plo\u010da, \u0160ibenika i Bjelovara. Na radionici se raspravljalo o snagama i slabostima saveza, sudionici su izradili SWOT analizu te su kroz grupni rad definirani ciljevi i prioriteti djelovanja u nadolaze\u0107em razdoblju. Radionica se pokazala veoma korisna za sudionike kao podr\u0161ka u izradi Strate\u0161kog plana.<\/p>\n<p>&nbsp;<\/p>\n","protected":false},"excerpt":{"rendered":"<p>Na\u0161a zaposlenica Martina Benjak sudjelovala je u Hrvatskom savezu od 28.-30.11. 2014. na radionici \u201eStrate\u0161ko planiranje Savez udruga za osobe s MR za razdoblje od 2015. do 2020.&#8221;, pod vodstvom g\u0111e Nata\u0161e \u0160krbi\u0107, konzultantice&#46;&#46;&#46;<\/p>\n","protected":false},"author":1,"featured_media":0,"comment_status":"closed","ping_status":"closed","sticky":false,"template":"","format":"standard","meta":{"ngg_post_thumbnail":0,"footnotes":""},"categories":[5],"tags":[],"_links":{"self":[{"href":"https:\/\/www.udrugamrkz.hr\/index.php?rest_route=\/wp\/v2\/posts\/1684"}],"collection":[{"href":"https:\/\/www.udrugamrkz.hr\/index.php?rest_route=\/wp\/v2\/posts"}],"about":[{"href":"https:\/\/www.udrugamrkz.hr\/index.php?rest_route=\/wp\/v2\/types\/post"}],"author":[{"embeddable":true,"href":"https:\/\/www.udrugamrkz.hr\/index.php?rest_route=\/wp\/v2\/users\/1"}],"replies":[{"embeddable":true,"href":"https:\/\/www.udrugamrkz.hr\/index.php?rest_route=%2Fwp%2Fv2%2Fcomments&post=1684"}],"version-history":[{"count":3,"href":"https:\/\/www.udrugamrkz.hr\/index.php?rest_route=\/wp\/v2\/posts\/1684\/revisions"}],"predecessor-version":[{"id":1687,"href":"https:\/\/www.udrugamrkz.hr\/index.php?rest_route=\/wp\/v2\/posts\/1684\/revisions\/1687"}],"wp:attachment":[{"href":"https:\/\/www.udrugamrkz.hr\/index.php?rest_route=%2Fwp%2Fv2%2Fmedia&parent=1684"}],"wp:term":[{"taxonomy":"category","embeddable":true,"href":"https:\/\/www.udrugamrkz.hr\/index.php?rest_route=%2Fwp%2Fv2%2Fcategories&post=1684"},{"taxonomy":"post_tag","embeddable":true,"href":"https:\/\/www.udrugamrkz.hr\/index.php?rest_route=%2Fwp%2Fv2%2Ftags&post=1684"}],"curies":[{"name":"wp","href":"https:\/\/api.w.org\/{rel}","templated":true}]}}