{"id":1519,"date":"2014-08-01T19:45:33","date_gmt":"2014-08-01T18:45:33","guid":{"rendered":"http:\/\/www.udrugamrkz.hr\/?p=1519"},"modified":"2014-10-05T19:49:20","modified_gmt":"2014-10-05T18:49:20","slug":"1519","status":"publish","type":"post","link":"https:\/\/www.udrugamrkz.hr\/?p=1519","title":{"rendered":"Godi\u0161njica Udruge &#8220;Ludbre\u0161ko sunce&#8221;"},"content":{"rendered":"<p style=\"color: #565656; text-align: justify;\" align=\"justify\"><img loading=\"lazy\" decoding=\"async\" src=\"http:\/\/www.savezmr.hr\/_upload\/vijesti\/ludbreg\/a.jpg.jpg\" alt=\"sve\u010dana sjednica LUDBRE\u0160KO SUNCE\" width=\"250\" height=\"188\" align=\"left\" hspace=\"10\" vspace=\"10\" \/><span style=\"color: #000000;\">Dana 01. kolovoza 2014. godine, pod visokim pokroviteljstvom Ministarstva socijalne politike i mladih, Vara\u017edinske \u017eupanije i Grada Ludbrega, u 12 sati u &#8220;KU\u0106I SUNCA&#8221;, odr\u017eana je Sve\u010dana sjednica udruge &#8220;LUDBRE\u0160KO SUNCE&#8221;, povodom Dana Udruge 05. kolovoza, 18 godina rada Udruge i 10 godina rada &#8220;KU\u0106E SUNCA&#8221;. Prisustvovale su na\u0161e predstavnice Tamara Premu\u0161 i Nada Domitrovi\u0107.\u00a0\u00a0Predsjednica udruge gospo\u0111a Ru\u017ea Zlatar prezentirala je rad Udruge od njezina osnivanja do sada, s posebnim naglaskom na posljednjih 10 godina, jer su u tom razdoblju ostvareni najva\u017eniji projekti Udruge.\u00a0Na sve\u010danoj sjednici bili su prisutni gradona\u010delnik Grada Ludbrega gospodin Dubravko Bili\u0107, zamjenica gradona\u010delnika gospo\u0111a Vera Jadani\u0107, predstavnice Hrvatskog saveza udruga za osobe s mentalnom retardacijom Tija Osmanovi\u0107, stru\u010dna tajnica Saveza i Sr\u0111ana Selak, stru\u010dna suradnica psihologinja, zatim ravnatelj Srednje \u0161kole Ludbreg, ravnateljica dje\u010djeg vrti\u0107a \u201eRadost&#8221; Ludbreg, predstavnici Gradske organizacije Crvenog kri\u017ea Ludbreg, policije, Centra za socijalnu skrb, op\u0107ina, medija, udruga, donatori, \u010dlanovi udruge i njihovi roditelji.<\/span><\/p>\n<p style=\"color: #565656;\" align=\"justify\"><span style=\"color: #000000;\"><img loading=\"lazy\" decoding=\"async\" src=\"http:\/\/www.savezmr.hr\/_upload\/vijesti\/ludbreg\/b.jpg.jpg\" alt=\"SVE\u010cANA SJEDNICA LUDBRE\u0160KO SUNCE\" width=\"250\" height=\"155\" align=\"left\" hspace=\"10\" vspace=\"10\" \/>Nakon zavr\u0161etka sve\u010danog djela sjednice, slijedio je prigodan program u izvedbi korisnika &#8220;KU\u0106E SUNCA&#8221;,\u00a0 a u nastavku dru\u017eenja zabavljao nas je tambura\u0161ki sastav &#8220;LUN-MLA&#8221; iz Lunjkovca. Otvorena je i izlo\u017eba slika pod nazivom &#8220;DAR LJUBAVI&#8221;, koje se mogu pogledati u &#8220;KU\u0106I SUNCA&#8221;. U ime predsjednice Hrvatskog saveza udruga za osobe s mentalnom retardacijom Mirjane Jakov\u010dev, prisutnima se obratila stru\u010dna tajnica Hrvatskog Saveza Tija Osmanovi\u0107, pro\u010ditav\u0161i pismo predsjednice u kojem se nagla\u0161ava presudan zna\u010daj uloge civilnog dru\u0161tva u pru\u017eanju potpore najranjivijim \u010dlanovima dru\u0161tva. Potrebu za organiziranim i sustavnim pru\u017eanjem takve pomo\u0107i naro\u010dito su prepoznale roditeljske udruge, a jedna od najuspje\u0161nijih i najkvalitetnijih takvih udruga unutar na\u0161ega Saveza je LUDBRE\u0160KO SUNCE, koja je zahvaljuju\u0107i svojoj predsjednici gospo\u0111i Ru\u017ei Zlatar zna\u010dajno utjecala na pobolj\u0161anje kvalitete \u017eivota osoba s invaliditetom i njihovih obitelji.<\/span><\/p>\n","protected":false},"excerpt":{"rendered":"<p>Dana 01. kolovoza 2014. godine, pod visokim pokroviteljstvom Ministarstva socijalne politike i mladih, Vara\u017edinske \u017eupanije i Grada Ludbrega, u 12 sati u &#8220;KU\u0106I SUNCA&#8221;, odr\u017eana je Sve\u010dana sjednica udruge &#8220;LUDBRE\u0160KO SUNCE&#8221;, povodom Dana Udruge&#46;&#46;&#46;<\/p>\n","protected":false},"author":1,"featured_media":0,"comment_status":"closed","ping_status":"closed","sticky":false,"template":"","format":"standard","meta":{"ngg_post_thumbnail":0,"footnotes":""},"categories":[3],"tags":[],"_links":{"self":[{"href":"https:\/\/www.udrugamrkz.hr\/index.php?rest_route=\/wp\/v2\/posts\/1519"}],"collection":[{"href":"https:\/\/www.udrugamrkz.hr\/index.php?rest_route=\/wp\/v2\/posts"}],"about":[{"href":"https:\/\/www.udrugamrkz.hr\/index.php?rest_route=\/wp\/v2\/types\/post"}],"author":[{"embeddable":true,"href":"https:\/\/www.udrugamrkz.hr\/index.php?rest_route=\/wp\/v2\/users\/1"}],"replies":[{"embeddable":true,"href":"https:\/\/www.udrugamrkz.hr\/index.php?rest_route=%2Fwp%2Fv2%2Fcomments&post=1519"}],"version-history":[{"count":4,"href":"https:\/\/www.udrugamrkz.hr\/index.php?rest_route=\/wp\/v2\/posts\/1519\/revisions"}],"predecessor-version":[{"id":1523,"href":"https:\/\/www.udrugamrkz.hr\/index.php?rest_route=\/wp\/v2\/posts\/1519\/revisions\/1523"}],"wp:attachment":[{"href":"https:\/\/www.udrugamrkz.hr\/index.php?rest_route=%2Fwp%2Fv2%2Fmedia&parent=1519"}],"wp:term":[{"taxonomy":"category","embeddable":true,"href":"https:\/\/www.udrugamrkz.hr\/index.php?rest_route=%2Fwp%2Fv2%2Fcategories&post=1519"},{"taxonomy":"post_tag","embeddable":true,"href":"https:\/\/www.udrugamrkz.hr\/index.php?rest_route=%2Fwp%2Fv2%2Ftags&post=1519"}],"curies":[{"name":"wp","href":"https:\/\/api.w.org\/{rel}","templated":true}]}}